{"id":47721,"date":"2025-12-18T09:58:58","date_gmt":"2025-12-18T08:58:58","guid":{"rendered":"https:\/\/www.landwirtschaftsmesse.com\/ostfriesland\/?p=47721"},"modified":"2025-12-18T10:17:25","modified_gmt":"2025-12-18T09:17:25","slug":"novagrar-2","status":"publish","type":"post","link":"https:\/\/www.landwirtschaftsmesse.com\/ostfriesland\/novagrar-2\/","title":{"rendered":"Novagrar"},"content":{"rendered":"\t\t<div data-elementor-type=\"wp-post\" data-elementor-id=\"47721\" class=\"elementor elementor-47721\" data-elementor-post-type=\"post\">\n\t\t\t\t\t\t<section class=\"elementor-section elementor-top-section elementor-element elementor-element-40616c83 elementor-section-boxed elementor-section-height-default elementor-section-height-default\" data-id=\"40616c83\" data-element_type=\"section\" data-e-type=\"section\">\n\t\t\t\t\t\t<div class=\"elementor-container elementor-column-gap-default\">\n\t\t\t\t\t<div class=\"elementor-column elementor-col-50 elementor-top-column elementor-element elementor-element-527f62ad\" data-id=\"527f62ad\" data-element_type=\"column\" data-e-type=\"column\">\n\t\t\t<div class=\"elementor-widget-wrap elementor-element-populated\">\n\t\t\t\t\t\t<div class=\"elementor-element elementor-element-5fb3072 elementor-widget elementor-widget-text-editor\" data-id=\"5fb3072\" data-element_type=\"widget\" data-e-type=\"widget\" data-widget_type=\"text-editor.default\">\n\t\t\t\t<div class=\"elementor-widget-container\">\n\t\t\t\t\t\t\t\t\t<p><b>NOVAGRAR \u2013 F\u00fchrend in der Optimierung der Milchviehhaltung<\/b><\/p><p>NOVAGRAR steht f\u00fcr innovative und nachhaltige L\u00f6sungen in der modernen Milchviehhaltung. Weltweit unterst\u00fctzen wir Landwirte dabei, Tierwohl und Leistung gezielt zu steigern, Arbeitsprozesse zu vereinfachen und Kosten zu senken \u2013 f\u00fcr mehr Effizienz und Gewinn.<\/p><p><b>Unsere L\u00f6sungen greifen dort, wo es z\u00e4hlt:<br \/><\/b>Maximaler Silageschutz durch unsere Premium Sauerstoffbarrierefolien <b>V12 SILVER COVER<\/b> und <b>V12 GREEN LINE<\/b> \u2013 f\u00fcr geringste Verluste und hohe Futterstabilit\u00e4t.<br \/>H\u00f6chste Grundfutterqualit\u00e4t dank bew\u00e4hrter <b>FIBROSIL Silierzus\u00e4tze<\/b> \u2013 f\u00fcr optimale Fermentation und leistungsstarke Tiere.<\/p><p>Premium Silomanagement mit den <b>V12 Produkten<\/b> \u2013 alles f\u00fcr Schutz, Sicherung, Verbindung und Reparatur.<br \/>Mehr Gesundheit und Leistung Ihrer K\u00fche durch <b>PANSAN Lebendhefen <\/b>\u2013 f\u00fcr stabile Verdauung und bessere Futterverwertung.<\/p>\t\t\t\t\t\t\t\t<\/div>\n\t\t\t\t<\/div>\n\t\t\t\t\t<\/div>\n\t\t<\/div>\n\t\t\t\t<div class=\"elementor-column elementor-col-50 elementor-top-column elementor-element elementor-element-46788ea\" data-id=\"46788ea\" data-element_type=\"column\" data-e-type=\"column\">\n\t\t\t<div class=\"elementor-widget-wrap elementor-element-populated\">\n\t\t\t\t\t\t<div class=\"elementor-element elementor-element-9947bd6 elementor-widget elementor-widget-image\" data-id=\"9947bd6\" data-element_type=\"widget\" data-e-type=\"widget\" data-widget_type=\"image.default\">\n\t\t\t\t<div class=\"elementor-widget-container\">\n\t\t\t\t\t\t\t\t\t\t\t\t\t\t\t<img fetchpriority=\"high\" decoding=\"async\" width=\"1024\" height=\"788\" src=\"https:\/\/www.landwirtschaftsmesse.com\/ostfriesland\/wp-content\/uploads\/2025\/12\/V12_Logo.png\" class=\"attachment-large size-large wp-image-47724\" alt=\"\" srcset=\"https:\/\/www.landwirtschaftsmesse.com\/ostfriesland\/wp-content\/uploads\/2025\/12\/V12_Logo.png 1024w, https:\/\/www.landwirtschaftsmesse.com\/ostfriesland\/wp-content\/uploads\/2025\/12\/V12_Logo-300x231.png 300w, https:\/\/www.landwirtschaftsmesse.com\/ostfriesland\/wp-content\/uploads\/2025\/12\/V12_Logo-768x591.png 768w\" sizes=\"(max-width: 1024px) 100vw, 1024px\" \/>\t\t\t\t\t\t\t\t\t\t\t\t\t\t\t<\/div>\n\t\t\t\t<\/div>\n\t\t\t\t\t<\/div>\n\t\t<\/div>\n\t\t\t\t\t<\/div>\n\t\t<\/section>\n\t\t<div class=\"elementor-element elementor-element-b4a5064 e-flex e-con-boxed e-con e-parent\" data-id=\"b4a5064\" data-element_type=\"container\" data-e-type=\"container\">\n\t\t\t\t\t<div class=\"e-con-inner\">\n\t\t\t\t<div class=\"elementor-element elementor-element-6ffd3a1 elementor-arrows-position-inside elementor-pagination-position-outside elementor-widget elementor-widget-image-carousel\" data-id=\"6ffd3a1\" data-element_type=\"widget\" data-e-type=\"widget\" data-settings=\"{&quot;slides_to_show&quot;:&quot;3&quot;,&quot;navigation&quot;:&quot;both&quot;,&quot;autoplay&quot;:&quot;yes&quot;,&quot;pause_on_hover&quot;:&quot;yes&quot;,&quot;pause_on_interaction&quot;:&quot;yes&quot;,&quot;autoplay_speed&quot;:5000,&quot;infinite&quot;:&quot;yes&quot;,&quot;speed&quot;:500,&quot;image_spacing_custom&quot;:{&quot;unit&quot;:&quot;px&quot;,&quot;size&quot;:20,&quot;sizes&quot;:[]},&quot;image_spacing_custom_tablet&quot;:{&quot;unit&quot;:&quot;px&quot;,&quot;size&quot;:&quot;&quot;,&quot;sizes&quot;:[]},&quot;image_spacing_custom_mobile&quot;:{&quot;unit&quot;:&quot;px&quot;,&quot;size&quot;:&quot;&quot;,&quot;sizes&quot;:[]}}\" data-widget_type=\"image-carousel.default\">\n\t\t\t\t<div class=\"elementor-widget-container\">\n\t\t\t\t\t\t\t<div class=\"elementor-image-carousel-wrapper swiper\" role=\"region\" aria-roledescription=\"carousel\" aria-label=\"Bild Karussell\" dir=\"ltr\">\n\t\t\t<div class=\"elementor-image-carousel swiper-wrapper\" aria-live=\"off\">\n\t\t\t\t\t\t\t\t<div class=\"swiper-slide\" role=\"group\" aria-roledescription=\"slide\" aria-label=\"1 von 6\"><figure class=\"swiper-slide-inner\"><img decoding=\"async\" class=\"swiper-slide-image\" src=\"https:\/\/www.landwirtschaftsmesse.com\/ostfriesland\/wp-content\/uploads\/2025\/12\/apfel-probe-768x512.jpg\" alt=\"apfel-probe\" \/><\/figure><\/div><div class=\"swiper-slide\" role=\"group\" aria-roledescription=\"slide\" aria-label=\"2 von 6\"><figure class=\"swiper-slide-inner\"><img decoding=\"async\" class=\"swiper-slide-image\" src=\"https:\/\/www.landwirtschaftsmesse.com\/ostfriesland\/wp-content\/uploads\/2025\/12\/FIBROSIL_PRODUKT-768x512.jpg\" alt=\"FIBROSIL_PRODUKT\" \/><\/figure><\/div><div class=\"swiper-slide\" role=\"group\" aria-roledescription=\"slide\" aria-label=\"3 von 6\"><figure class=\"swiper-slide-inner\"><img decoding=\"async\" class=\"swiper-slide-image\" src=\"https:\/\/www.landwirtschaftsmesse.com\/ostfriesland\/wp-content\/uploads\/2025\/12\/Milchkuehe-Futter-Silage-768x512.jpg\" alt=\"Milchkuehe-Futter-Silage\" \/><\/figure><\/div><div class=\"swiper-slide\" role=\"group\" aria-roledescription=\"slide\" aria-label=\"4 von 6\"><figure class=\"swiper-slide-inner\"><img decoding=\"async\" class=\"swiper-slide-image\" src=\"https:\/\/www.landwirtschaftsmesse.com\/ostfriesland\/wp-content\/uploads\/2025\/12\/V12-BARRIEREFOLIEN-768x512.jpg\" alt=\"V12-BARRIEREFOLIEN\" \/><\/figure><\/div><div class=\"swiper-slide\" role=\"group\" aria-roledescription=\"slide\" aria-label=\"5 von 6\"><figure class=\"swiper-slide-inner\"><img decoding=\"async\" class=\"swiper-slide-image\" src=\"https:\/\/www.landwirtschaftsmesse.com\/ostfriesland\/wp-content\/uploads\/2025\/12\/V12-FOLIE-AUF-SILO-768x512.jpg\" alt=\"V12-FOLIE-AUF-SILO\" \/><\/figure><\/div><div class=\"swiper-slide\" role=\"group\" aria-roledescription=\"slide\" aria-label=\"6 von 6\"><figure class=\"swiper-slide-inner\"><img decoding=\"async\" class=\"swiper-slide-image\" src=\"https:\/\/www.landwirtschaftsmesse.com\/ostfriesland\/wp-content\/uploads\/2025\/12\/V12-Silomanagement-768x512.jpg\" alt=\"V12-Silomanagement\" \/><\/figure><\/div>\t\t\t<\/div>\n\t\t\t\t\t\t\t\t\t\t\t\t<div class=\"elementor-swiper-button elementor-swiper-button-prev\" role=\"button\" tabindex=\"0\">\n\t\t\t\t\t\t<i aria-hidden=\"true\" class=\"eicon-chevron-left\"><\/i>\t\t\t\t\t<\/div>\n\t\t\t\t\t<div class=\"elementor-swiper-button elementor-swiper-button-next\" role=\"button\" tabindex=\"0\">\n\t\t\t\t\t\t<i aria-hidden=\"true\" class=\"eicon-chevron-right\"><\/i>\t\t\t\t\t<\/div>\n\t\t\t\t\n\t\t\t\t\t\t\t\t\t<div class=\"swiper-pagination\"><\/div>\n\t\t\t\t\t\t\t\t\t<\/div>\n\t\t\t\t\t\t<\/div>\n\t\t\t\t<\/div>\n\t\t\t\t\t<\/div>\n\t\t\t\t<\/div>\n\t\t\t\t<\/div>\n\t\t","protected":false},"excerpt":{"rendered":"<p>NOVAGRAR \u2013 F\u00fchrend in der Optimierung der Milchviehhaltung NOVAGRAR steht f\u00fcr innovative und nachhaltige L\u00f6sungen in der modernen Milchviehhaltung. Weltweit unterst\u00fctzen wir Landwirte dabei, Tierwohl und Leistung gezielt zu steigern, Arbeitsprozesse zu vereinfachen und Kosten zu senken \u2013 f\u00fcr mehr Effizienz und Gewinn. Unsere L\u00f6sungen greifen dort, wo es z\u00e4hlt: Maximaler Silageschutz durch unsere Premium [&hellip;]<\/p>\n","protected":false},"author":1,"featured_media":47715,"comment_status":"open","ping_status":"closed","sticky":false,"template":"","format":"standard","meta":{"site-sidebar-layout":"default","site-content-layout":"default","ast-site-content-layout":"default","site-content-style":"default","site-sidebar-style":"default","ast-global-header-display":"","ast-banner-title-visibility":"","ast-main-header-display":"","ast-hfb-above-header-display":"","ast-hfb-below-header-display":"","ast-hfb-mobile-header-display":"","site-post-title":"","ast-breadcrumbs-content":"","ast-featured-img":"","footer-sml-layout":"","ast-disable-related-posts":"","theme-transparent-header-meta":"default","adv-header-id-meta":"","stick-header-meta":"","header-above-stick-meta":"","header-main-stick-meta":"","header-below-stick-meta":"","astra-migrate-meta-layouts":"set","ast-page-background-enabled":"default","ast-page-background-meta":{"desktop":{"background-color":"","background-image":"","background-repeat":"repeat","background-position":"center center","background-size":"auto","background-attachment":"scroll","background-type":"","background-media":"","overlay-type":"","overlay-color":"","overlay-opacity":"","overlay-gradient":""},"tablet":{"background-color":"","background-image":"","background-repeat":"repeat","background-position":"center center","background-size":"auto","background-attachment":"scroll","background-type":"","background-media":"","overlay-type":"","overlay-color":"","overlay-opacity":"","overlay-gradient":""},"mobile":{"background-color":"","background-image":"","background-repeat":"repeat","background-position":"center center","background-size":"auto","background-attachment":"scroll","background-type":"","background-media":"","overlay-type":"","overlay-color":"","overlay-opacity":"","overlay-gradient":""}},"ast-content-background-meta":{"desktop":{"background-color":"var(--ast-global-color-5)","background-image":"","background-repeat":"repeat","background-position":"center center","background-size":"auto","background-attachment":"scroll","background-type":"","background-media":"","overlay-type":"","overlay-color":"","overlay-opacity":"","overlay-gradient":""},"tablet":{"background-color":"var(--ast-global-color-5)","background-image":"","background-repeat":"repeat","background-position":"center center","background-size":"auto","background-attachment":"scroll","background-type":"","background-media":"","overlay-type":"","overlay-color":"","overlay-opacity":"","overlay-gradient":""},"mobile":{"background-color":"var(--ast-global-color-5)","background-image":"","background-repeat":"repeat","background-position":"center center","background-size":"auto","background-attachment":"scroll","background-type":"","background-media":"","overlay-type":"","overlay-color":"","overlay-opacity":"","overlay-gradient":""}},"footnotes":""},"categories":[1],"tags":[],"class_list":["post-47721","post","type-post","status-publish","format-standard","has-post-thumbnail","hentry","category-uncategorized"],"_links":{"self":[{"href":"https:\/\/www.landwirtschaftsmesse.com\/ostfriesland\/wp-json\/wp\/v2\/posts\/47721","targetHints":{"allow":["GET"]}}],"collection":[{"href":"https:\/\/www.landwirtschaftsmesse.com\/ostfriesland\/wp-json\/wp\/v2\/posts"}],"about":[{"href":"https:\/\/www.landwirtschaftsmesse.com\/ostfriesland\/wp-json\/wp\/v2\/types\/post"}],"author":[{"embeddable":true,"href":"https:\/\/www.landwirtschaftsmesse.com\/ostfriesland\/wp-json\/wp\/v2\/users\/1"}],"replies":[{"embeddable":true,"href":"https:\/\/www.landwirtschaftsmesse.com\/ostfriesland\/wp-json\/wp\/v2\/comments?post=47721"}],"version-history":[{"count":6,"href":"https:\/\/www.landwirtschaftsmesse.com\/ostfriesland\/wp-json\/wp\/v2\/posts\/47721\/revisions"}],"predecessor-version":[{"id":47745,"href":"https:\/\/www.landwirtschaftsmesse.com\/ostfriesland\/wp-json\/wp\/v2\/posts\/47721\/revisions\/47745"}],"wp:featuredmedia":[{"embeddable":true,"href":"https:\/\/www.landwirtschaftsmesse.com\/ostfriesland\/wp-json\/wp\/v2\/media\/47715"}],"wp:attachment":[{"href":"https:\/\/www.landwirtschaftsmesse.com\/ostfriesland\/wp-json\/wp\/v2\/media?parent=47721"}],"wp:term":[{"taxonomy":"category","embeddable":true,"href":"https:\/\/www.landwirtschaftsmesse.com\/ostfriesland\/wp-json\/wp\/v2\/categories?post=47721"},{"taxonomy":"post_tag","embeddable":true,"href":"https:\/\/www.landwirtschaftsmesse.com\/ostfriesland\/wp-json\/wp\/v2\/tags?post=47721"}],"curies":[{"name":"wp","href":"https:\/\/api.w.org\/{rel}","templated":true}]}}