{"id":47640,"date":"2025-12-17T09:21:28","date_gmt":"2025-12-17T08:21:28","guid":{"rendered":"https:\/\/www.landwirtschaftsmesse.com\/ostfriesland\/?p=47640"},"modified":"2025-12-17T09:23:20","modified_gmt":"2025-12-17T08:23:20","slug":"fenecon","status":"publish","type":"post","link":"https:\/\/www.landwirtschaftsmesse.com\/ostfriesland\/fenecon\/","title":{"rendered":"Fenecon"},"content":{"rendered":"\t\t<div data-elementor-type=\"wp-post\" data-elementor-id=\"47640\" class=\"elementor elementor-47640\" data-elementor-post-type=\"post\">\n\t\t\t\t\t\t<section class=\"elementor-section elementor-top-section elementor-element elementor-element-40616c83 elementor-section-boxed elementor-section-height-default elementor-section-height-default\" data-id=\"40616c83\" data-element_type=\"section\" data-e-type=\"section\">\n\t\t\t\t\t\t<div class=\"elementor-container elementor-column-gap-default\">\n\t\t\t\t\t<div class=\"elementor-column elementor-col-50 elementor-top-column elementor-element elementor-element-527f62ad\" data-id=\"527f62ad\" data-element_type=\"column\" data-e-type=\"column\">\n\t\t\t<div class=\"elementor-widget-wrap elementor-element-populated\">\n\t\t\t\t\t\t<div class=\"elementor-element elementor-element-5fb3072 elementor-widget elementor-widget-text-editor\" data-id=\"5fb3072\" data-element_type=\"widget\" data-e-type=\"widget\" data-widget_type=\"text-editor.default\">\n\t\t\t\t<div class=\"elementor-widget-container\">\n\t\t\t\t\t\t\t\t\t<p><strong>\u00dcber FENECON<\/strong><\/p><p><br \/>FENECON ist ein f\u00fchrender deutscher Hard- und Softwarespezialist f\u00fcr Stromspeicherl\u00f6sungen in den Segmenten Privathaushalt, Gewerbe und Industrie. Alle Speichermodelle zeichnet das selbst entwickelte Energiemanagementsystem FEMS aus, womit FENECON das weltweit erfolgreichste Open-Source-Energiemanagementsystem OpenEMS ma\u00dfgeblich pr\u00e4gt. Die zahlreichen FEMS-Applikationen des Produktportfolios erm\u00f6glichen netz- und energiewendedienliches Energiemanagement und intelligente Sektorenkopplung.<\/p>\t\t\t\t\t\t\t\t<\/div>\n\t\t\t\t<\/div>\n\t\t\t\t\t<\/div>\n\t\t<\/div>\n\t\t\t\t<div class=\"elementor-column elementor-col-50 elementor-top-column elementor-element elementor-element-9b98a88\" data-id=\"9b98a88\" data-element_type=\"column\" data-e-type=\"column\">\n\t\t\t<div class=\"elementor-widget-wrap elementor-element-populated\">\n\t\t\t\t\t\t<div class=\"elementor-element elementor-element-0343711 elementor-widget elementor-widget-image\" data-id=\"0343711\" data-element_type=\"widget\" data-e-type=\"widget\" data-widget_type=\"image.default\">\n\t\t\t\t<div class=\"elementor-widget-container\">\n\t\t\t\t\t\t\t\t\t\t\t\t\t\t\t<img fetchpriority=\"high\" decoding=\"async\" width=\"1024\" height=\"853\" src=\"https:\/\/www.landwirtschaftsmesse.com\/ostfriesland\/wp-content\/uploads\/2025\/12\/FENECON_Studio_C50_2x10BM_WR_PSB_STS_PVL_Web-klein-1024x853.jpg\" class=\"attachment-large size-large wp-image-47645\" alt=\"\" srcset=\"https:\/\/www.landwirtschaftsmesse.com\/ostfriesland\/wp-content\/uploads\/2025\/12\/FENECON_Studio_C50_2x10BM_WR_PSB_STS_PVL_Web-klein-1024x853.jpg 1024w, https:\/\/www.landwirtschaftsmesse.com\/ostfriesland\/wp-content\/uploads\/2025\/12\/FENECON_Studio_C50_2x10BM_WR_PSB_STS_PVL_Web-klein-300x250.jpg 300w, https:\/\/www.landwirtschaftsmesse.com\/ostfriesland\/wp-content\/uploads\/2025\/12\/FENECON_Studio_C50_2x10BM_WR_PSB_STS_PVL_Web-klein-768x640.jpg 768w, https:\/\/www.landwirtschaftsmesse.com\/ostfriesland\/wp-content\/uploads\/2025\/12\/FENECON_Studio_C50_2x10BM_WR_PSB_STS_PVL_Web-klein-1536x1280.jpg 1536w, https:\/\/www.landwirtschaftsmesse.com\/ostfriesland\/wp-content\/uploads\/2025\/12\/FENECON_Studio_C50_2x10BM_WR_PSB_STS_PVL_Web-klein-2048x1706.jpg 2048w\" sizes=\"(max-width: 1024px) 100vw, 1024px\" \/>\t\t\t\t\t\t\t\t\t\t\t\t\t\t\t<\/div>\n\t\t\t\t<\/div>\n\t\t\t\t\t<\/div>\n\t\t<\/div>\n\t\t\t\t\t<\/div>\n\t\t<\/section>\n\t\t\t\t<\/div>\n\t\t","protected":false},"excerpt":{"rendered":"<p>\u00dcber FENECON FENECON ist ein f\u00fchrender deutscher Hard- und Softwarespezialist f\u00fcr Stromspeicherl\u00f6sungen in den Segmenten Privathaushalt, Gewerbe und Industrie. Alle Speichermodelle zeichnet das selbst entwickelte Energiemanagementsystem FEMS aus, womit FENECON das weltweit erfolgreichste Open-Source-Energiemanagementsystem OpenEMS ma\u00dfgeblich pr\u00e4gt. Die zahlreichen FEMS-Applikationen des Produktportfolios erm\u00f6glichen netz- und energiewendedienliches Energiemanagement und intelligente Sektorenkopplung.<\/p>\n","protected":false},"author":1,"featured_media":47617,"comment_status":"open","ping_status":"closed","sticky":false,"template":"","format":"standard","meta":{"site-sidebar-layout":"default","site-content-layout":"default","ast-site-content-layout":"default","site-content-style":"default","site-sidebar-style":"default","ast-global-header-display":"","ast-banner-title-visibility":"","ast-main-header-display":"","ast-hfb-above-header-display":"","ast-hfb-below-header-display":"","ast-hfb-mobile-header-display":"","site-post-title":"","ast-breadcrumbs-content":"","ast-featured-img":"","footer-sml-layout":"","ast-disable-related-posts":"","theme-transparent-header-meta":"default","adv-header-id-meta":"","stick-header-meta":"","header-above-stick-meta":"","header-main-stick-meta":"","header-below-stick-meta":"","astra-migrate-meta-layouts":"set","ast-page-background-enabled":"default","ast-page-background-meta":{"desktop":{"background-color":"","background-image":"","background-repeat":"repeat","background-position":"center center","background-size":"auto","background-attachment":"scroll","background-type":"","background-media":"","overlay-type":"","overlay-color":"","overlay-opacity":"","overlay-gradient":""},"tablet":{"background-color":"","background-image":"","background-repeat":"repeat","background-position":"center center","background-size":"auto","background-attachment":"scroll","background-type":"","background-media":"","overlay-type":"","overlay-color":"","overlay-opacity":"","overlay-gradient":""},"mobile":{"background-color":"","background-image":"","background-repeat":"repeat","background-position":"center center","background-size":"auto","background-attachment":"scroll","background-type":"","background-media":"","overlay-type":"","overlay-color":"","overlay-opacity":"","overlay-gradient":""}},"ast-content-background-meta":{"desktop":{"background-color":"var(--ast-global-color-5)","background-image":"","background-repeat":"repeat","background-position":"center center","background-size":"auto","background-attachment":"scroll","background-type":"","background-media":"","overlay-type":"","overlay-color":"","overlay-opacity":"","overlay-gradient":""},"tablet":{"background-color":"var(--ast-global-color-5)","background-image":"","background-repeat":"repeat","background-position":"center center","background-size":"auto","background-attachment":"scroll","background-type":"","background-media":"","overlay-type":"","overlay-color":"","overlay-opacity":"","overlay-gradient":""},"mobile":{"background-color":"var(--ast-global-color-5)","background-image":"","background-repeat":"repeat","background-position":"center center","background-size":"auto","background-attachment":"scroll","background-type":"","background-media":"","overlay-type":"","overlay-color":"","overlay-opacity":"","overlay-gradient":""}},"footnotes":""},"categories":[1],"tags":[],"class_list":["post-47640","post","type-post","status-publish","format-standard","has-post-thumbnail","hentry","category-uncategorized"],"_links":{"self":[{"href":"https:\/\/www.landwirtschaftsmesse.com\/ostfriesland\/wp-json\/wp\/v2\/posts\/47640","targetHints":{"allow":["GET"]}}],"collection":[{"href":"https:\/\/www.landwirtschaftsmesse.com\/ostfriesland\/wp-json\/wp\/v2\/posts"}],"about":[{"href":"https:\/\/www.landwirtschaftsmesse.com\/ostfriesland\/wp-json\/wp\/v2\/types\/post"}],"author":[{"embeddable":true,"href":"https:\/\/www.landwirtschaftsmesse.com\/ostfriesland\/wp-json\/wp\/v2\/users\/1"}],"replies":[{"embeddable":true,"href":"https:\/\/www.landwirtschaftsmesse.com\/ostfriesland\/wp-json\/wp\/v2\/comments?post=47640"}],"version-history":[{"count":6,"href":"https:\/\/www.landwirtschaftsmesse.com\/ostfriesland\/wp-json\/wp\/v2\/posts\/47640\/revisions"}],"predecessor-version":[{"id":47649,"href":"https:\/\/www.landwirtschaftsmesse.com\/ostfriesland\/wp-json\/wp\/v2\/posts\/47640\/revisions\/47649"}],"wp:featuredmedia":[{"embeddable":true,"href":"https:\/\/www.landwirtschaftsmesse.com\/ostfriesland\/wp-json\/wp\/v2\/media\/47617"}],"wp:attachment":[{"href":"https:\/\/www.landwirtschaftsmesse.com\/ostfriesland\/wp-json\/wp\/v2\/media?parent=47640"}],"wp:term":[{"taxonomy":"category","embeddable":true,"href":"https:\/\/www.landwirtschaftsmesse.com\/ostfriesland\/wp-json\/wp\/v2\/categories?post=47640"},{"taxonomy":"post_tag","embeddable":true,"href":"https:\/\/www.landwirtschaftsmesse.com\/ostfriesland\/wp-json\/wp\/v2\/tags?post=47640"}],"curies":[{"name":"wp","href":"https:\/\/api.w.org\/{rel}","templated":true}]}}