{"id":47539,"date":"2025-12-03T15:39:17","date_gmt":"2025-12-03T14:39:17","guid":{"rendered":"https:\/\/www.landwirtschaftsmesse.com\/ostfriesland\/?p=47539"},"modified":"2025-12-03T15:42:51","modified_gmt":"2025-12-03T14:42:51","slug":"roesche","status":"publish","type":"post","link":"https:\/\/www.landwirtschaftsmesse.com\/ostfriesland\/roesche\/","title":{"rendered":"R\u00f6sche"},"content":{"rendered":"\t\t<div data-elementor-type=\"wp-post\" data-elementor-id=\"47539\" class=\"elementor elementor-47539\" data-elementor-post-type=\"post\">\n\t\t\t\t\t\t<section class=\"elementor-section elementor-top-section elementor-element elementor-element-40616c83 elementor-section-boxed elementor-section-height-default elementor-section-height-default\" data-id=\"40616c83\" data-element_type=\"section\" data-e-type=\"section\">\n\t\t\t\t\t\t<div class=\"elementor-container elementor-column-gap-default\">\n\t\t\t\t\t<div class=\"elementor-column elementor-col-100 elementor-top-column elementor-element elementor-element-527f62ad\" data-id=\"527f62ad\" data-element_type=\"column\" data-e-type=\"column\">\n\t\t\t<div class=\"elementor-widget-wrap elementor-element-populated\">\n\t\t\t\t\t\t<div class=\"elementor-element elementor-element-5fb3072 elementor-widget elementor-widget-text-editor\" data-id=\"5fb3072\" data-element_type=\"widget\" data-e-type=\"widget\" data-widget_type=\"text-editor.default\">\n\t\t\t\t<div class=\"elementor-widget-container\">\n\t\t\t\t\t\t\t\t\t<p><strong>Destillationskunst trifft auf Leidenschaft &amp; Tradition.<\/strong><\/p>\n<p>Wir produzieren unser Korn-Fein-Destillat selbst und kaufen keinen Alkohol aus industrieller Produktion Dritter zu. Bei uns schmeckt Korn nach Korn. Wir verwenden f\u00fcr die meisten unserer Produkte wiederbef\u00fcllbare Mehrweg-Glas-Flaschen und -K\u00e4sten. So schonen wir gemeinsam mit vielen weiteren Ma\u00dfnahmen die Umwelt. Wir bieten Dir f\u00fcr besondere Anl\u00e4sse besondere Br\u00e4nde und verpacken nat\u00fcrlich auch in speziellen Schmuck- oder Sonderflaschen.<\/p>\t\t\t\t\t\t\t\t<\/div>\n\t\t\t\t<\/div>\n\t\t\t\t\t<\/div>\n\t\t<\/div>\n\t\t\t\t\t<\/div>\n\t\t<\/section>\n\t\t\t\t<\/div>\n\t\t","protected":false},"excerpt":{"rendered":"<p>Destillationskunst trifft auf Leidenschaft &amp; Tradition. Wir produzieren unser Korn-Fein-Destillat selbst und kaufen keinen Alkohol aus industrieller Produktion Dritter zu. Bei uns schmeckt Korn nach Korn. Wir verwenden f\u00fcr die meisten unserer Produkte wiederbef\u00fcllbare Mehrweg-Glas-Flaschen und -K\u00e4sten. So schonen wir gemeinsam mit vielen weiteren Ma\u00dfnahmen die Umwelt. Wir bieten Dir f\u00fcr besondere Anl\u00e4sse besondere Br\u00e4nde [&hellip;]<\/p>\n","protected":false},"author":1,"featured_media":47482,"comment_status":"open","ping_status":"closed","sticky":false,"template":"","format":"standard","meta":{"site-sidebar-layout":"default","site-content-layout":"default","ast-site-content-layout":"default","site-content-style":"default","site-sidebar-style":"default","ast-global-header-display":"","ast-banner-title-visibility":"","ast-main-header-display":"","ast-hfb-above-header-display":"","ast-hfb-below-header-display":"","ast-hfb-mobile-header-display":"","site-post-title":"","ast-breadcrumbs-content":"","ast-featured-img":"","footer-sml-layout":"","ast-disable-related-posts":"","theme-transparent-header-meta":"default","adv-header-id-meta":"","stick-header-meta":"","header-above-stick-meta":"","header-main-stick-meta":"","header-below-stick-meta":"","astra-migrate-meta-layouts":"set","ast-page-background-enabled":"default","ast-page-background-meta":{"desktop":{"background-color":"","background-image":"","background-repeat":"repeat","background-position":"center center","background-size":"auto","background-attachment":"scroll","background-type":"","background-media":"","overlay-type":"","overlay-color":"","overlay-opacity":"","overlay-gradient":""},"tablet":{"background-color":"","background-image":"","background-repeat":"repeat","background-position":"center center","background-size":"auto","background-attachment":"scroll","background-type":"","background-media":"","overlay-type":"","overlay-color":"","overlay-opacity":"","overlay-gradient":""},"mobile":{"background-color":"","background-image":"","background-repeat":"repeat","background-position":"center center","background-size":"auto","background-attachment":"scroll","background-type":"","background-media":"","overlay-type":"","overlay-color":"","overlay-opacity":"","overlay-gradient":""}},"ast-content-background-meta":{"desktop":{"background-color":"var(--ast-global-color-5)","background-image":"","background-repeat":"repeat","background-position":"center center","background-size":"auto","background-attachment":"scroll","background-type":"","background-media":"","overlay-type":"","overlay-color":"","overlay-opacity":"","overlay-gradient":""},"tablet":{"background-color":"var(--ast-global-color-5)","background-image":"","background-repeat":"repeat","background-position":"center center","background-size":"auto","background-attachment":"scroll","background-type":"","background-media":"","overlay-type":"","overlay-color":"","overlay-opacity":"","overlay-gradient":""},"mobile":{"background-color":"var(--ast-global-color-5)","background-image":"","background-repeat":"repeat","background-position":"center center","background-size":"auto","background-attachment":"scroll","background-type":"","background-media":"","overlay-type":"","overlay-color":"","overlay-opacity":"","overlay-gradient":""}},"footnotes":""},"categories":[1],"tags":[],"class_list":["post-47539","post","type-post","status-publish","format-standard","has-post-thumbnail","hentry","category-uncategorized"],"_links":{"self":[{"href":"https:\/\/www.landwirtschaftsmesse.com\/ostfriesland\/wp-json\/wp\/v2\/posts\/47539","targetHints":{"allow":["GET"]}}],"collection":[{"href":"https:\/\/www.landwirtschaftsmesse.com\/ostfriesland\/wp-json\/wp\/v2\/posts"}],"about":[{"href":"https:\/\/www.landwirtschaftsmesse.com\/ostfriesland\/wp-json\/wp\/v2\/types\/post"}],"author":[{"embeddable":true,"href":"https:\/\/www.landwirtschaftsmesse.com\/ostfriesland\/wp-json\/wp\/v2\/users\/1"}],"replies":[{"embeddable":true,"href":"https:\/\/www.landwirtschaftsmesse.com\/ostfriesland\/wp-json\/wp\/v2\/comments?post=47539"}],"version-history":[{"count":4,"href":"https:\/\/www.landwirtschaftsmesse.com\/ostfriesland\/wp-json\/wp\/v2\/posts\/47539\/revisions"}],"predecessor-version":[{"id":47543,"href":"https:\/\/www.landwirtschaftsmesse.com\/ostfriesland\/wp-json\/wp\/v2\/posts\/47539\/revisions\/47543"}],"wp:featuredmedia":[{"embeddable":true,"href":"https:\/\/www.landwirtschaftsmesse.com\/ostfriesland\/wp-json\/wp\/v2\/media\/47482"}],"wp:attachment":[{"href":"https:\/\/www.landwirtschaftsmesse.com\/ostfriesland\/wp-json\/wp\/v2\/media?parent=47539"}],"wp:term":[{"taxonomy":"category","embeddable":true,"href":"https:\/\/www.landwirtschaftsmesse.com\/ostfriesland\/wp-json\/wp\/v2\/categories?post=47539"},{"taxonomy":"post_tag","embeddable":true,"href":"https:\/\/www.landwirtschaftsmesse.com\/ostfriesland\/wp-json\/wp\/v2\/tags?post=47539"}],"curies":[{"name":"wp","href":"https:\/\/api.w.org\/{rel}","templated":true}]}}