{"id":47464,"date":"2025-12-03T12:38:43","date_gmt":"2025-12-03T11:38:43","guid":{"rendered":"https:\/\/www.landwirtschaftsmesse.com\/ostfriesland\/?p=47464"},"modified":"2025-12-03T16:33:09","modified_gmt":"2025-12-03T15:33:09","slug":"almburschen","status":"publish","type":"post","link":"https:\/\/www.landwirtschaftsmesse.com\/ostfriesland\/almburschen\/","title":{"rendered":"Almburschen"},"content":{"rendered":"\t\t<div data-elementor-type=\"wp-post\" data-elementor-id=\"47464\" class=\"elementor elementor-47464\" data-elementor-post-type=\"post\">\n\t\t\t\t\t\t<section class=\"elementor-section elementor-top-section elementor-element elementor-element-c6974dd elementor-section-boxed elementor-section-height-default elementor-section-height-default\" data-id=\"c6974dd\" data-element_type=\"section\" data-e-type=\"section\">\n\t\t\t\t\t\t<div class=\"elementor-container elementor-column-gap-default\">\n\t\t\t\t\t<div class=\"elementor-column elementor-col-50 elementor-top-column elementor-element elementor-element-9eab04a\" data-id=\"9eab04a\" data-element_type=\"column\" data-e-type=\"column\">\n\t\t\t<div class=\"elementor-widget-wrap elementor-element-populated\">\n\t\t\t\t\t\t<div class=\"elementor-element elementor-element-2dad5590 elementor-widget elementor-widget-text-editor\" data-id=\"2dad5590\" data-element_type=\"widget\" data-e-type=\"widget\" data-widget_type=\"text-editor.default\">\n\t\t\t\t<div class=\"elementor-widget-container\">\n\t\t\t\t\t\t\t\t\t<p>Tradition trifft Genuss.<\/p><p>Die Almburschen stehen f\u00fcr ehrliche, \u00f6sterreichische Feinkost \u2013 hergestellt mit Leidenschaft, Sorgfalt und dem Gesp\u00fcr f\u00fcr das Echte. Unser Sortiment reicht von w\u00fcrzigem Bergk\u00e4se \u00fcber luftgetrockneten Schinken bis hin zu herzhaftem Salami \u2013 alles nach traditionellen Rezepturen und mit besten regionalen Zutaten.<br \/>Ob f\u00fcr den Feinkostteller, als Geschenk oder zum selbst Genie\u00dfen \u2013 bei den Almburschen findet man das Beste, was die Alm zu bieten hat.<\/p><p>Echt. Herzhaft. Almburschen.<\/p>\t\t\t\t\t\t\t\t<\/div>\n\t\t\t\t<\/div>\n\t\t\t\t\t<\/div>\n\t\t<\/div>\n\t\t\t\t<div class=\"elementor-column elementor-col-50 elementor-top-column elementor-element elementor-element-c700724\" data-id=\"c700724\" data-element_type=\"column\" data-e-type=\"column\">\n\t\t\t<div class=\"elementor-widget-wrap elementor-element-populated\">\n\t\t\t\t\t\t<div class=\"elementor-element elementor-element-873c918 elementor-arrows-position-inside elementor-pagination-position-outside elementor-widget elementor-widget-image-carousel\" data-id=\"873c918\" data-element_type=\"widget\" data-e-type=\"widget\" data-settings=\"{&quot;slides_to_show&quot;:&quot;1&quot;,&quot;navigation&quot;:&quot;both&quot;,&quot;autoplay&quot;:&quot;yes&quot;,&quot;pause_on_hover&quot;:&quot;yes&quot;,&quot;pause_on_interaction&quot;:&quot;yes&quot;,&quot;autoplay_speed&quot;:5000,&quot;infinite&quot;:&quot;yes&quot;,&quot;effect&quot;:&quot;slide&quot;,&quot;speed&quot;:500}\" data-widget_type=\"image-carousel.default\">\n\t\t\t\t<div class=\"elementor-widget-container\">\n\t\t\t\t\t\t\t<div class=\"elementor-image-carousel-wrapper swiper\" role=\"region\" aria-roledescription=\"carousel\" aria-label=\"Bild Karussell\" dir=\"ltr\">\n\t\t\t<div class=\"elementor-image-carousel swiper-wrapper\" aria-live=\"off\">\n\t\t\t\t\t\t\t\t<div class=\"swiper-slide\" role=\"group\" aria-roledescription=\"slide\" aria-label=\"1 von 4\"><figure class=\"swiper-slide-inner\"><img decoding=\"async\" class=\"swiper-slide-image\" src=\"https:\/\/www.landwirtschaftsmesse.com\/ostfriesland\/wp-content\/uploads\/2025\/12\/Kopie-von-Verschiedene-Produkte-768x512.jpg\" alt=\"Kopie von Verschiedene Produkte\" \/><\/figure><\/div><div class=\"swiper-slide\" role=\"group\" aria-roledescription=\"slide\" aria-label=\"2 von 4\"><figure class=\"swiper-slide-inner\"><img decoding=\"async\" class=\"swiper-slide-image\" src=\"https:\/\/www.landwirtschaftsmesse.com\/ostfriesland\/wp-content\/uploads\/2025\/12\/Kaese-1-768x512.jpg\" alt=\"Ka\u0308se 1\" \/><\/figure><\/div><div class=\"swiper-slide\" role=\"group\" aria-roledescription=\"slide\" aria-label=\"3 von 4\"><figure class=\"swiper-slide-inner\"><img decoding=\"async\" class=\"swiper-slide-image\" src=\"https:\/\/www.landwirtschaftsmesse.com\/ostfriesland\/wp-content\/uploads\/2025\/12\/Salami-768x512.jpg\" alt=\"Salami\" \/><\/figure><\/div><div class=\"swiper-slide\" role=\"group\" aria-roledescription=\"slide\" aria-label=\"4 von 4\"><figure class=\"swiper-slide-inner\"><img decoding=\"async\" class=\"swiper-slide-image\" src=\"https:\/\/www.landwirtschaftsmesse.com\/ostfriesland\/wp-content\/uploads\/2025\/12\/Schinken-768x512.jpg\" alt=\"Schinken\" \/><\/figure><\/div>\t\t\t<\/div>\n\t\t\t\t\t\t\t\t\t\t\t\t<div class=\"elementor-swiper-button elementor-swiper-button-prev\" role=\"button\" tabindex=\"0\">\n\t\t\t\t\t\t<i aria-hidden=\"true\" class=\"eicon-chevron-left\"><\/i>\t\t\t\t\t<\/div>\n\t\t\t\t\t<div class=\"elementor-swiper-button elementor-swiper-button-next\" role=\"button\" tabindex=\"0\">\n\t\t\t\t\t\t<i aria-hidden=\"true\" class=\"eicon-chevron-right\"><\/i>\t\t\t\t\t<\/div>\n\t\t\t\t\n\t\t\t\t\t\t\t\t\t<div class=\"swiper-pagination\"><\/div>\n\t\t\t\t\t\t\t\t\t<\/div>\n\t\t\t\t\t\t<\/div>\n\t\t\t\t<\/div>\n\t\t\t\t\t<\/div>\n\t\t<\/div>\n\t\t\t\t\t<\/div>\n\t\t<\/section>\n\t\t\t\t<section class=\"elementor-section elementor-top-section elementor-element elementor-element-fc975ff elementor-section-boxed elementor-section-height-default elementor-section-height-default\" data-id=\"fc975ff\" data-element_type=\"section\" data-e-type=\"section\">\n\t\t\t\t\t\t<div class=\"elementor-container elementor-column-gap-default\">\n\t\t\t\t\t<div class=\"elementor-column elementor-col-100 elementor-top-column elementor-element elementor-element-cc31876\" data-id=\"cc31876\" data-element_type=\"column\" data-e-type=\"column\">\n\t\t\t<div class=\"elementor-widget-wrap\">\n\t\t\t\t\t\t\t<\/div>\n\t\t<\/div>\n\t\t\t\t\t<\/div>\n\t\t<\/section>\n\t\t\t\t<\/div>\n\t\t","protected":false},"excerpt":{"rendered":"<p>Tradition trifft Genuss. Die Almburschen stehen f\u00fcr ehrliche, \u00f6sterreichische Feinkost \u2013 hergestellt mit Leidenschaft, Sorgfalt und dem Gesp\u00fcr f\u00fcr das Echte. Unser Sortiment reicht von w\u00fcrzigem Bergk\u00e4se \u00fcber luftgetrockneten Schinken bis hin zu herzhaftem Salami \u2013 alles nach traditionellen Rezepturen und mit besten regionalen Zutaten.Ob f\u00fcr den Feinkostteller, als Geschenk oder zum selbst Genie\u00dfen \u2013 [&hellip;]<\/p>\n","protected":false},"author":1,"featured_media":47474,"comment_status":"open","ping_status":"closed","sticky":false,"template":"","format":"standard","meta":{"site-sidebar-layout":"default","site-content-layout":"default","ast-site-content-layout":"default","site-content-style":"default","site-sidebar-style":"default","ast-global-header-display":"","ast-banner-title-visibility":"","ast-main-header-display":"","ast-hfb-above-header-display":"","ast-hfb-below-header-display":"","ast-hfb-mobile-header-display":"","site-post-title":"","ast-breadcrumbs-content":"","ast-featured-img":"","footer-sml-layout":"","ast-disable-related-posts":"","theme-transparent-header-meta":"default","adv-header-id-meta":"","stick-header-meta":"","header-above-stick-meta":"","header-main-stick-meta":"","header-below-stick-meta":"","astra-migrate-meta-layouts":"set","ast-page-background-enabled":"default","ast-page-background-meta":{"desktop":{"background-color":"","background-image":"","background-repeat":"repeat","background-position":"center center","background-size":"auto","background-attachment":"scroll","background-type":"","background-media":"","overlay-type":"","overlay-color":"","overlay-opacity":"","overlay-gradient":""},"tablet":{"background-color":"","background-image":"","background-repeat":"repeat","background-position":"center center","background-size":"auto","background-attachment":"scroll","background-type":"","background-media":"","overlay-type":"","overlay-color":"","overlay-opacity":"","overlay-gradient":""},"mobile":{"background-color":"","background-image":"","background-repeat":"repeat","background-position":"center center","background-size":"auto","background-attachment":"scroll","background-type":"","background-media":"","overlay-type":"","overlay-color":"","overlay-opacity":"","overlay-gradient":""}},"ast-content-background-meta":{"desktop":{"background-color":"var(--ast-global-color-5)","background-image":"","background-repeat":"repeat","background-position":"center center","background-size":"auto","background-attachment":"scroll","background-type":"","background-media":"","overlay-type":"","overlay-color":"","overlay-opacity":"","overlay-gradient":""},"tablet":{"background-color":"var(--ast-global-color-5)","background-image":"","background-repeat":"repeat","background-position":"center center","background-size":"auto","background-attachment":"scroll","background-type":"","background-media":"","overlay-type":"","overlay-color":"","overlay-opacity":"","overlay-gradient":""},"mobile":{"background-color":"var(--ast-global-color-5)","background-image":"","background-repeat":"repeat","background-position":"center center","background-size":"auto","background-attachment":"scroll","background-type":"","background-media":"","overlay-type":"","overlay-color":"","overlay-opacity":"","overlay-gradient":""}},"footnotes":""},"categories":[1],"tags":[],"class_list":["post-47464","post","type-post","status-publish","format-standard","has-post-thumbnail","hentry","category-uncategorized"],"_links":{"self":[{"href":"https:\/\/www.landwirtschaftsmesse.com\/ostfriesland\/wp-json\/wp\/v2\/posts\/47464","targetHints":{"allow":["GET"]}}],"collection":[{"href":"https:\/\/www.landwirtschaftsmesse.com\/ostfriesland\/wp-json\/wp\/v2\/posts"}],"about":[{"href":"https:\/\/www.landwirtschaftsmesse.com\/ostfriesland\/wp-json\/wp\/v2\/types\/post"}],"author":[{"embeddable":true,"href":"https:\/\/www.landwirtschaftsmesse.com\/ostfriesland\/wp-json\/wp\/v2\/users\/1"}],"replies":[{"embeddable":true,"href":"https:\/\/www.landwirtschaftsmesse.com\/ostfriesland\/wp-json\/wp\/v2\/comments?post=47464"}],"version-history":[{"count":7,"href":"https:\/\/www.landwirtschaftsmesse.com\/ostfriesland\/wp-json\/wp\/v2\/posts\/47464\/revisions"}],"predecessor-version":[{"id":47557,"href":"https:\/\/www.landwirtschaftsmesse.com\/ostfriesland\/wp-json\/wp\/v2\/posts\/47464\/revisions\/47557"}],"wp:featuredmedia":[{"embeddable":true,"href":"https:\/\/www.landwirtschaftsmesse.com\/ostfriesland\/wp-json\/wp\/v2\/media\/47474"}],"wp:attachment":[{"href":"https:\/\/www.landwirtschaftsmesse.com\/ostfriesland\/wp-json\/wp\/v2\/media?parent=47464"}],"wp:term":[{"taxonomy":"category","embeddable":true,"href":"https:\/\/www.landwirtschaftsmesse.com\/ostfriesland\/wp-json\/wp\/v2\/categories?post=47464"},{"taxonomy":"post_tag","embeddable":true,"href":"https:\/\/www.landwirtschaftsmesse.com\/ostfriesland\/wp-json\/wp\/v2\/tags?post=47464"}],"curies":[{"name":"wp","href":"https:\/\/api.w.org\/{rel}","templated":true}]}}