{"id":47162,"date":"2025-01-15T13:55:58","date_gmt":"2025-01-15T12:55:58","guid":{"rendered":"https:\/\/www.landwirtschaftsmesse.com\/ostfriesland\/?p=47162"},"modified":"2025-01-15T13:57:38","modified_gmt":"2025-01-15T12:57:38","slug":"maschinenring-nordwest","status":"publish","type":"post","link":"https:\/\/www.landwirtschaftsmesse.com\/ostfriesland\/maschinenring-nordwest\/","title":{"rendered":"Maschinenring Nordwest"},"content":{"rendered":"\t\t<div data-elementor-type=\"wp-post\" data-elementor-id=\"47162\" class=\"elementor elementor-47162\" data-elementor-post-type=\"post\">\n\t\t\t\t\t\t<section class=\"elementor-section elementor-top-section elementor-element elementor-element-c9b0855 elementor-section-boxed elementor-section-height-default elementor-section-height-default\" data-id=\"c9b0855\" data-element_type=\"section\" data-e-type=\"section\">\n\t\t\t\t\t\t<div class=\"elementor-container elementor-column-gap-default\">\n\t\t\t\t\t<div class=\"elementor-column elementor-col-50 elementor-top-column elementor-element elementor-element-6750339\" data-id=\"6750339\" data-element_type=\"column\" data-e-type=\"column\">\n\t\t\t<div class=\"elementor-widget-wrap elementor-element-populated\">\n\t\t\t\t\t\t<div class=\"elementor-element elementor-element-ba753d7 elementor-widget elementor-widget-text-editor\" data-id=\"ba753d7\" data-element_type=\"widget\" data-e-type=\"widget\" data-widget_type=\"text-editor.default\">\n\t\t\t\t<div class=\"elementor-widget-container\">\n\t\t\t\t\t\t\t\t\t<p>Der Maschinenring Nordwest e.V. ist Ihre Gemeinschaft der Landwirte in den Landkreisen Ammerland, Friesland, Leer, Wittmund, Altkreis Norden und den St\u00e4dten Emden und Wilhelmshaven.<\/p><p>Mit knapp 2.500 Mitgliedern und ca. 120 Mitarbeitenden bieten wir Ihnen ein einzigartiges Netzwerk von Landwirten, landwirtschaftlichen Partnern, Betriebs- und Haushaltshilfen. In unserm Portfolio finden Sie die Vermittlung von Maschinen und Mietschleppern sowie Zubeh\u00f6r, Futtermittelhandel und eine N\u00e4hrstoffb\u00f6rse. <br \/>Wir unterst\u00fctzen Sie in allen Fragen der Arbeitssicherheit, um Unf\u00e4llen vorzubeugen und helfen schnell und unkompliziert, falls doch etwas passiert. Unsere Betriebs- und Haushaltshilfen stehen Ihnen auch in arbeitsintensiven Zeiten zur Seite.<br \/>Besuchen Sie uns an unserem Messestand und informieren Sie sich \u00fcber unser Angebot!<\/p><p>\u00a0<\/p><p>\u00a0<\/p>\t\t\t\t\t\t\t\t<\/div>\n\t\t\t\t<\/div>\n\t\t\t\t\t<\/div>\n\t\t<\/div>\n\t\t\t\t<div class=\"elementor-column elementor-col-50 elementor-top-column elementor-element elementor-element-b839950\" data-id=\"b839950\" data-element_type=\"column\" data-e-type=\"column\">\n\t\t\t<div class=\"elementor-widget-wrap elementor-element-populated\">\n\t\t\t\t\t\t<div class=\"elementor-element elementor-element-ea28928 elementor-widget elementor-widget-image\" data-id=\"ea28928\" data-element_type=\"widget\" data-e-type=\"widget\" data-widget_type=\"image.default\">\n\t\t\t\t<div class=\"elementor-widget-container\">\n\t\t\t\t\t\t\t\t\t\t\t\t\t\t\t<img fetchpriority=\"high\" decoding=\"async\" width=\"640\" height=\"201\" src=\"https:\/\/www.landwirtschaftsmesse.com\/ostfriesland\/wp-content\/uploads\/2025\/01\/Logo_Maschinenring_Nordwest_rechts-640w.webp\" class=\"attachment-large size-large wp-image-47167\" alt=\"\" srcset=\"https:\/\/www.landwirtschaftsmesse.com\/ostfriesland\/wp-content\/uploads\/2025\/01\/Logo_Maschinenring_Nordwest_rechts-640w.webp 640w, https:\/\/www.landwirtschaftsmesse.com\/ostfriesland\/wp-content\/uploads\/2025\/01\/Logo_Maschinenring_Nordwest_rechts-640w-300x94.webp 300w\" sizes=\"(max-width: 640px) 100vw, 640px\" \/>\t\t\t\t\t\t\t\t\t\t\t\t\t\t\t<\/div>\n\t\t\t\t<\/div>\n\t\t\t\t\t<\/div>\n\t\t<\/div>\n\t\t\t\t\t<\/div>\n\t\t<\/section>\n\t\t\t\t<\/div>\n\t\t","protected":false},"excerpt":{"rendered":"<p>Der Maschinenring Nordwest e.V. ist Ihre Gemeinschaft der Landwirte in den Landkreisen Ammerland, Friesland, Leer, Wittmund, Altkreis Norden und den St\u00e4dten Emden und Wilhelmshaven. Mit knapp 2.500 Mitgliedern und ca. 120 Mitarbeitenden bieten wir Ihnen ein einzigartiges Netzwerk von Landwirten, landwirtschaftlichen Partnern, Betriebs- und Haushaltshilfen. In unserm Portfolio finden Sie die Vermittlung von Maschinen und [&hellip;]<\/p>\n","protected":false},"author":1,"featured_media":47165,"comment_status":"open","ping_status":"closed","sticky":false,"template":"","format":"standard","meta":{"site-sidebar-layout":"default","site-content-layout":"","ast-site-content-layout":"default","site-content-style":"default","site-sidebar-style":"default","ast-global-header-display":"","ast-banner-title-visibility":"","ast-main-header-display":"","ast-hfb-above-header-display":"","ast-hfb-below-header-display":"","ast-hfb-mobile-header-display":"","site-post-title":"","ast-breadcrumbs-content":"","ast-featured-img":"","footer-sml-layout":"","ast-disable-related-posts":"","theme-transparent-header-meta":"default","adv-header-id-meta":"","stick-header-meta":"","header-above-stick-meta":"","header-main-stick-meta":"","header-below-stick-meta":"","astra-migrate-meta-layouts":"set","ast-page-background-enabled":"default","ast-page-background-meta":{"desktop":{"background-color":"","background-image":"","background-repeat":"repeat","background-position":"center center","background-size":"auto","background-attachment":"scroll","background-type":"","background-media":"","overlay-type":"","overlay-color":"","overlay-opacity":"","overlay-gradient":""},"tablet":{"background-color":"","background-image":"","background-repeat":"repeat","background-position":"center center","background-size":"auto","background-attachment":"scroll","background-type":"","background-media":"","overlay-type":"","overlay-color":"","overlay-opacity":"","overlay-gradient":""},"mobile":{"background-color":"","background-image":"","background-repeat":"repeat","background-position":"center center","background-size":"auto","background-attachment":"scroll","background-type":"","background-media":"","overlay-type":"","overlay-color":"","overlay-opacity":"","overlay-gradient":""}},"ast-content-background-meta":{"desktop":{"background-color":"var(--ast-global-color-5)","background-image":"","background-repeat":"repeat","background-position":"center center","background-size":"auto","background-attachment":"scroll","background-type":"","background-media":"","overlay-type":"","overlay-color":"","overlay-opacity":"","overlay-gradient":""},"tablet":{"background-color":"var(--ast-global-color-5)","background-image":"","background-repeat":"repeat","background-position":"center center","background-size":"auto","background-attachment":"scroll","background-type":"","background-media":"","overlay-type":"","overlay-color":"","overlay-opacity":"","overlay-gradient":""},"mobile":{"background-color":"var(--ast-global-color-5)","background-image":"","background-repeat":"repeat","background-position":"center center","background-size":"auto","background-attachment":"scroll","background-type":"","background-media":"","overlay-type":"","overlay-color":"","overlay-opacity":"","overlay-gradient":""}},"footnotes":""},"categories":[189],"tags":[],"class_list":["post-47162","post","type-post","status-publish","format-standard","has-post-thumbnail","hentry","category-messe-2024"],"_links":{"self":[{"href":"https:\/\/www.landwirtschaftsmesse.com\/ostfriesland\/wp-json\/wp\/v2\/posts\/47162","targetHints":{"allow":["GET"]}}],"collection":[{"href":"https:\/\/www.landwirtschaftsmesse.com\/ostfriesland\/wp-json\/wp\/v2\/posts"}],"about":[{"href":"https:\/\/www.landwirtschaftsmesse.com\/ostfriesland\/wp-json\/wp\/v2\/types\/post"}],"author":[{"embeddable":true,"href":"https:\/\/www.landwirtschaftsmesse.com\/ostfriesland\/wp-json\/wp\/v2\/users\/1"}],"replies":[{"embeddable":true,"href":"https:\/\/www.landwirtschaftsmesse.com\/ostfriesland\/wp-json\/wp\/v2\/comments?post=47162"}],"version-history":[{"count":6,"href":"https:\/\/www.landwirtschaftsmesse.com\/ostfriesland\/wp-json\/wp\/v2\/posts\/47162\/revisions"}],"predecessor-version":[{"id":47171,"href":"https:\/\/www.landwirtschaftsmesse.com\/ostfriesland\/wp-json\/wp\/v2\/posts\/47162\/revisions\/47171"}],"wp:featuredmedia":[{"embeddable":true,"href":"https:\/\/www.landwirtschaftsmesse.com\/ostfriesland\/wp-json\/wp\/v2\/media\/47165"}],"wp:attachment":[{"href":"https:\/\/www.landwirtschaftsmesse.com\/ostfriesland\/wp-json\/wp\/v2\/media?parent=47162"}],"wp:term":[{"taxonomy":"category","embeddable":true,"href":"https:\/\/www.landwirtschaftsmesse.com\/ostfriesland\/wp-json\/wp\/v2\/categories?post=47162"},{"taxonomy":"post_tag","embeddable":true,"href":"https:\/\/www.landwirtschaftsmesse.com\/ostfriesland\/wp-json\/wp\/v2\/tags?post=47162"}],"curies":[{"name":"wp","href":"https:\/\/api.w.org\/{rel}","templated":true}]}}