{"id":47087,"date":"2025-01-14T12:24:12","date_gmt":"2025-01-14T11:24:12","guid":{"rendered":"https:\/\/www.landwirtschaftsmesse.com\/ostfriesland\/?p=47087"},"modified":"2025-01-15T09:09:07","modified_gmt":"2025-01-15T08:09:07","slug":"workwear-krabbe","status":"publish","type":"post","link":"https:\/\/www.landwirtschaftsmesse.com\/ostfriesland\/workwear-krabbe\/","title":{"rendered":"Workwear Krabbe"},"content":{"rendered":"\t\t<div data-elementor-type=\"wp-post\" data-elementor-id=\"47087\" class=\"elementor elementor-47087\" data-elementor-post-type=\"post\">\n\t\t\t\t\t\t<section class=\"elementor-section elementor-top-section elementor-element elementor-element-c9b0855 elementor-section-boxed elementor-section-height-default elementor-section-height-default\" data-id=\"c9b0855\" data-element_type=\"section\" data-e-type=\"section\">\n\t\t\t\t\t\t<div class=\"elementor-container elementor-column-gap-default\">\n\t\t\t\t\t<div class=\"elementor-column elementor-col-50 elementor-top-column elementor-element elementor-element-6750339\" data-id=\"6750339\" data-element_type=\"column\" data-e-type=\"column\">\n\t\t\t<div class=\"elementor-widget-wrap elementor-element-populated\">\n\t\t\t\t\t\t<div class=\"elementor-element elementor-element-ba753d7 elementor-widget elementor-widget-text-editor\" data-id=\"ba753d7\" data-element_type=\"widget\" data-e-type=\"widget\" data-widget_type=\"text-editor.default\">\n\t\t\t\t<div class=\"elementor-widget-container\">\n\t\t\t\t\t\t\t\t\t<p>Den besten Stoff Ostfrieslands bekommt ihr bei uns! Seit 2021 sind wir f\u00fcr euch als Spezialisten f\u00fcr Arbeitskleidung &amp; PSA am Start. Mit unserem Fachhandel in Moordorf bieten wir euch ein breites Sortiment an Arbeitskleidung und der dazugeh\u00f6rigen Schutzausr\u00fcstung. Mit unserem jungen und dynamischen Team sind wir immer nah an den neusten Innovationen &amp; Trends dran.<\/p><ul><li>Arbeitskleidung f\u00fcr Damen und Herren \u2013 Bis Gr\u00f6\u00dfe 72 Standard!<\/li><li>Pers\u00f6nliche Schutzausr\u00fcstung (Multinorm, Schwei\u00dferschutz, St\u00f6rlichtbogenschutz)<\/li><li>Sicherheitsschuhe inklusive Fu\u00dfvermessung \u2013 Auch f\u00fcr extra breite F\u00fc\u00dfe und von Gr\u00f6\u00dfe 34 bis 51!<\/li><li>Textilveredelung \u2013 Thermotransfers &amp; Stick, Sicherheitsschuhe inklusive Logodruck auf Anfrage m\u00f6glich.<\/li><\/ul>\t\t\t\t\t\t\t\t<\/div>\n\t\t\t\t<\/div>\n\t\t\t\t\t<\/div>\n\t\t<\/div>\n\t\t\t\t<div class=\"elementor-column elementor-col-50 elementor-top-column elementor-element elementor-element-b839950\" data-id=\"b839950\" data-element_type=\"column\" data-e-type=\"column\">\n\t\t\t<div class=\"elementor-widget-wrap elementor-element-populated\">\n\t\t\t\t\t\t<div class=\"elementor-element elementor-element-ea28928 elementor-widget elementor-widget-image\" data-id=\"ea28928\" data-element_type=\"widget\" data-e-type=\"widget\" data-widget_type=\"image.default\">\n\t\t\t\t<div class=\"elementor-widget-container\">\n\t\t\t\t\t\t\t\t\t\t\t\t\t\t\t<img fetchpriority=\"high\" decoding=\"async\" width=\"945\" height=\"1024\" src=\"https:\/\/www.landwirtschaftsmesse.com\/ostfriesland\/wp-content\/uploads\/2025\/01\/Krabbe-Logo-Gross-Rot-JPG-945x1024.jpg\" class=\"attachment-large size-large wp-image-47089\" alt=\"\" srcset=\"https:\/\/www.landwirtschaftsmesse.com\/ostfriesland\/wp-content\/uploads\/2025\/01\/Krabbe-Logo-Gross-Rot-JPG-945x1024.jpg 945w, https:\/\/www.landwirtschaftsmesse.com\/ostfriesland\/wp-content\/uploads\/2025\/01\/Krabbe-Logo-Gross-Rot-JPG-277x300.jpg 277w, https:\/\/www.landwirtschaftsmesse.com\/ostfriesland\/wp-content\/uploads\/2025\/01\/Krabbe-Logo-Gross-Rot-JPG-768x832.jpg 768w, https:\/\/www.landwirtschaftsmesse.com\/ostfriesland\/wp-content\/uploads\/2025\/01\/Krabbe-Logo-Gross-Rot-JPG-1417x1536.jpg 1417w, https:\/\/www.landwirtschaftsmesse.com\/ostfriesland\/wp-content\/uploads\/2025\/01\/Krabbe-Logo-Gross-Rot-JPG-1890x2048.jpg 1890w, https:\/\/www.landwirtschaftsmesse.com\/ostfriesland\/wp-content\/uploads\/2025\/01\/Krabbe-Logo-Gross-Rot-JPG.jpg 1896w\" sizes=\"(max-width: 945px) 100vw, 945px\" \/>\t\t\t\t\t\t\t\t\t\t\t\t\t\t\t<\/div>\n\t\t\t\t<\/div>\n\t\t\t\t\t<\/div>\n\t\t<\/div>\n\t\t\t\t\t<\/div>\n\t\t<\/section>\n\t\t\t\t<\/div>\n\t\t","protected":false},"excerpt":{"rendered":"<p>Den besten Stoff Ostfrieslands bekommt ihr bei uns! Seit 2021 sind wir f\u00fcr euch als Spezialisten f\u00fcr Arbeitskleidung &amp; PSA am Start. Mit unserem Fachhandel in Moordorf bieten wir euch ein breites Sortiment an Arbeitskleidung und der dazugeh\u00f6rigen Schutzausr\u00fcstung. Mit unserem jungen und dynamischen Team sind wir immer nah an den neusten Innovationen &amp; Trends [&hellip;]<\/p>\n","protected":false},"author":1,"featured_media":47094,"comment_status":"open","ping_status":"closed","sticky":false,"template":"","format":"standard","meta":{"site-sidebar-layout":"default","site-content-layout":"","ast-site-content-layout":"default","site-content-style":"default","site-sidebar-style":"default","ast-global-header-display":"","ast-banner-title-visibility":"","ast-main-header-display":"","ast-hfb-above-header-display":"","ast-hfb-below-header-display":"","ast-hfb-mobile-header-display":"","site-post-title":"","ast-breadcrumbs-content":"","ast-featured-img":"","footer-sml-layout":"","ast-disable-related-posts":"","theme-transparent-header-meta":"default","adv-header-id-meta":"","stick-header-meta":"","header-above-stick-meta":"","header-main-stick-meta":"","header-below-stick-meta":"","astra-migrate-meta-layouts":"set","ast-page-background-enabled":"default","ast-page-background-meta":{"desktop":{"background-color":"","background-image":"","background-repeat":"repeat","background-position":"center center","background-size":"auto","background-attachment":"scroll","background-type":"","background-media":"","overlay-type":"","overlay-color":"","overlay-opacity":"","overlay-gradient":""},"tablet":{"background-color":"","background-image":"","background-repeat":"repeat","background-position":"center center","background-size":"auto","background-attachment":"scroll","background-type":"","background-media":"","overlay-type":"","overlay-color":"","overlay-opacity":"","overlay-gradient":""},"mobile":{"background-color":"","background-image":"","background-repeat":"repeat","background-position":"center center","background-size":"auto","background-attachment":"scroll","background-type":"","background-media":"","overlay-type":"","overlay-color":"","overlay-opacity":"","overlay-gradient":""}},"ast-content-background-meta":{"desktop":{"background-color":"var(--ast-global-color-5)","background-image":"","background-repeat":"repeat","background-position":"center center","background-size":"auto","background-attachment":"scroll","background-type":"","background-media":"","overlay-type":"","overlay-color":"","overlay-opacity":"","overlay-gradient":""},"tablet":{"background-color":"var(--ast-global-color-5)","background-image":"","background-repeat":"repeat","background-position":"center center","background-size":"auto","background-attachment":"scroll","background-type":"","background-media":"","overlay-type":"","overlay-color":"","overlay-opacity":"","overlay-gradient":""},"mobile":{"background-color":"var(--ast-global-color-5)","background-image":"","background-repeat":"repeat","background-position":"center center","background-size":"auto","background-attachment":"scroll","background-type":"","background-media":"","overlay-type":"","overlay-color":"","overlay-opacity":"","overlay-gradient":""}},"footnotes":""},"categories":[189],"tags":[],"class_list":["post-47087","post","type-post","status-publish","format-standard","has-post-thumbnail","hentry","category-messe-2024"],"_links":{"self":[{"href":"https:\/\/www.landwirtschaftsmesse.com\/ostfriesland\/wp-json\/wp\/v2\/posts\/47087","targetHints":{"allow":["GET"]}}],"collection":[{"href":"https:\/\/www.landwirtschaftsmesse.com\/ostfriesland\/wp-json\/wp\/v2\/posts"}],"about":[{"href":"https:\/\/www.landwirtschaftsmesse.com\/ostfriesland\/wp-json\/wp\/v2\/types\/post"}],"author":[{"embeddable":true,"href":"https:\/\/www.landwirtschaftsmesse.com\/ostfriesland\/wp-json\/wp\/v2\/users\/1"}],"replies":[{"embeddable":true,"href":"https:\/\/www.landwirtschaftsmesse.com\/ostfriesland\/wp-json\/wp\/v2\/comments?post=47087"}],"version-history":[{"count":5,"href":"https:\/\/www.landwirtschaftsmesse.com\/ostfriesland\/wp-json\/wp\/v2\/posts\/47087\/revisions"}],"predecessor-version":[{"id":47093,"href":"https:\/\/www.landwirtschaftsmesse.com\/ostfriesland\/wp-json\/wp\/v2\/posts\/47087\/revisions\/47093"}],"wp:featuredmedia":[{"embeddable":true,"href":"https:\/\/www.landwirtschaftsmesse.com\/ostfriesland\/wp-json\/wp\/v2\/media\/47094"}],"wp:attachment":[{"href":"https:\/\/www.landwirtschaftsmesse.com\/ostfriesland\/wp-json\/wp\/v2\/media?parent=47087"}],"wp:term":[{"taxonomy":"category","embeddable":true,"href":"https:\/\/www.landwirtschaftsmesse.com\/ostfriesland\/wp-json\/wp\/v2\/categories?post=47087"},{"taxonomy":"post_tag","embeddable":true,"href":"https:\/\/www.landwirtschaftsmesse.com\/ostfriesland\/wp-json\/wp\/v2\/tags?post=47087"}],"curies":[{"name":"wp","href":"https:\/\/api.w.org\/{rel}","templated":true}]}}