{"id":47036,"date":"2025-01-14T11:29:10","date_gmt":"2025-01-14T10:29:10","guid":{"rendered":"https:\/\/www.landwirtschaftsmesse.com\/ostfriesland\/?p=47036"},"modified":"2025-01-14T11:45:21","modified_gmt":"2025-01-14T10:45:21","slug":"rensel-agrar-2","status":"publish","type":"post","link":"https:\/\/www.landwirtschaftsmesse.com\/ostfriesland\/rensel-agrar-2\/","title":{"rendered":"Rensel Agrar"},"content":{"rendered":"\t\t<div data-elementor-type=\"wp-post\" data-elementor-id=\"47036\" class=\"elementor elementor-47036\" data-elementor-post-type=\"post\">\n\t\t\t\t\t\t<section class=\"elementor-section elementor-top-section elementor-element elementor-element-c9b0855 elementor-section-boxed elementor-section-height-default elementor-section-height-default\" data-id=\"c9b0855\" data-element_type=\"section\" data-e-type=\"section\">\n\t\t\t\t\t\t<div class=\"elementor-container elementor-column-gap-default\">\n\t\t\t\t\t<div class=\"elementor-column elementor-col-50 elementor-top-column elementor-element elementor-element-6750339\" data-id=\"6750339\" data-element_type=\"column\" data-e-type=\"column\">\n\t\t\t<div class=\"elementor-widget-wrap elementor-element-populated\">\n\t\t\t\t\t\t<div class=\"elementor-element elementor-element-ba753d7 elementor-widget elementor-widget-text-editor\" data-id=\"ba753d7\" data-element_type=\"widget\" data-e-type=\"widget\" data-widget_type=\"text-editor.default\">\n\t\t\t\t<div class=\"elementor-widget-container\">\n\t\t\t\t\t\t\t\t\t<p><strong>Rensel Agrar \u2013 Wir l(i)eben Landwirtschaft und helfen Mensch &amp; Tier!<\/strong><\/p><p>\u00a0<\/p><p>Als Allrounder f\u00fcr agrarwirtschaftliche Dienstleistungen k\u00f6nnen wir Sie vielseitig unterst\u00fctzen!<\/p><p>\u00a0<\/p><p><u>Betriebshilfe:<\/u> F\u00e4llt der Landwirt aus, durch z.B. Krankheit, springen unsere Betriebshilfen ein.<\/p><p>\u00a0<\/p><p><u>Haushaltshilfe:<\/u> Wird der geregelte Alltag kurzfristig aufgrund von z.B. Krankheit, Reha oder Schwangerschaft unterbrochen, unterst\u00fctzen unsere flei\u00dfigen Haushaltshilfen.<\/p><p>\u00a0<\/p><p><u>Spalten &amp; Lauffl\u00e4chen aufrauen:<\/u> Ist der Stallboden glatt, rauen wir mit Diamantscheiben wieder auf.<\/p><p>\u00a0<\/p><p><u>Sonstige Dienstleistungen:<\/u> Wir ziehen Siloproben, m\u00e4hen Rasen, \u00fcbernehmen den Baumschnitt, reinigen den Stall, scheren das Vieh und noch vieles mehr.<\/p><p>\u00a0<\/p><p>Sie brauchen unsere Hilfe? Rufen Sie uns an unter: 04954 \u2013 89 388 200<\/p><p>\u00a0<\/p><p>Weiter Informationen finden Sie unter <a href=\"http:\/\/www.rensel-agrar.de\" target=\"_blank\" rel=\"noopener\">www.rensel-agrar.de<\/a>!<\/p>\t\t\t\t\t\t\t\t<\/div>\n\t\t\t\t<\/div>\n\t\t\t\t\t<\/div>\n\t\t<\/div>\n\t\t\t\t<div class=\"elementor-column elementor-col-50 elementor-top-column elementor-element elementor-element-b839950\" data-id=\"b839950\" data-element_type=\"column\" data-e-type=\"column\">\n\t\t\t<div class=\"elementor-widget-wrap elementor-element-populated\">\n\t\t\t\t\t\t<div class=\"elementor-element elementor-element-ea28928 elementor-widget elementor-widget-image\" data-id=\"ea28928\" data-element_type=\"widget\" data-e-type=\"widget\" data-widget_type=\"image.default\">\n\t\t\t\t<div class=\"elementor-widget-container\">\n\t\t\t\t\t\t\t\t\t\t\t\t\t\t\t<img fetchpriority=\"high\" decoding=\"async\" width=\"720\" height=\"411\" src=\"https:\/\/www.landwirtschaftsmesse.com\/ostfriesland\/wp-content\/uploads\/2023\/12\/Rensel-Nieuws.jpeg\" class=\"attachment-large size-large wp-image-46580\" alt=\"\" srcset=\"https:\/\/www.landwirtschaftsmesse.com\/ostfriesland\/wp-content\/uploads\/2023\/12\/Rensel-Nieuws.jpeg 720w, https:\/\/www.landwirtschaftsmesse.com\/ostfriesland\/wp-content\/uploads\/2023\/12\/Rensel-Nieuws-300x171.jpeg 300w\" sizes=\"(max-width: 720px) 100vw, 720px\" \/>\t\t\t\t\t\t\t\t\t\t\t\t\t\t\t<\/div>\n\t\t\t\t<\/div>\n\t\t\t\t\t<\/div>\n\t\t<\/div>\n\t\t\t\t\t<\/div>\n\t\t<\/section>\n\t\t\t\t<\/div>\n\t\t","protected":false},"excerpt":{"rendered":"<p>Rensel Agrar \u2013 Wir l(i)eben Landwirtschaft und helfen Mensch &amp; Tier! Als Allrounder f\u00fcr agrarwirtschaftliche Dienstleistungen k\u00f6nnen wir Sie vielseitig unterst\u00fctzen! Betriebshilfe: F\u00e4llt der Landwirt aus, durch z.B. Krankheit, springen unsere Betriebshilfen ein. Haushaltshilfe: Wird der geregelte Alltag kurzfristig aufgrund von z.B. Krankheit, Reha oder Schwangerschaft unterbrochen, unterst\u00fctzen unsere flei\u00dfigen Haushaltshilfen. Spalten &amp; Lauffl\u00e4chen aufrauen: [&hellip;]<\/p>\n","protected":false},"author":1,"featured_media":46580,"comment_status":"open","ping_status":"closed","sticky":false,"template":"","format":"standard","meta":{"site-sidebar-layout":"default","site-content-layout":"","ast-site-content-layout":"default","site-content-style":"default","site-sidebar-style":"default","ast-global-header-display":"","ast-banner-title-visibility":"","ast-main-header-display":"","ast-hfb-above-header-display":"","ast-hfb-below-header-display":"","ast-hfb-mobile-header-display":"","site-post-title":"","ast-breadcrumbs-content":"","ast-featured-img":"","footer-sml-layout":"","ast-disable-related-posts":"","theme-transparent-header-meta":"default","adv-header-id-meta":"","stick-header-meta":"","header-above-stick-meta":"","header-main-stick-meta":"","header-below-stick-meta":"","astra-migrate-meta-layouts":"set","ast-page-background-enabled":"default","ast-page-background-meta":{"desktop":{"background-color":"","background-image":"","background-repeat":"repeat","background-position":"center center","background-size":"auto","background-attachment":"scroll","background-type":"","background-media":"","overlay-type":"","overlay-color":"","overlay-opacity":"","overlay-gradient":""},"tablet":{"background-color":"","background-image":"","background-repeat":"repeat","background-position":"center center","background-size":"auto","background-attachment":"scroll","background-type":"","background-media":"","overlay-type":"","overlay-color":"","overlay-opacity":"","overlay-gradient":""},"mobile":{"background-color":"","background-image":"","background-repeat":"repeat","background-position":"center center","background-size":"auto","background-attachment":"scroll","background-type":"","background-media":"","overlay-type":"","overlay-color":"","overlay-opacity":"","overlay-gradient":""}},"ast-content-background-meta":{"desktop":{"background-color":"var(--ast-global-color-5)","background-image":"","background-repeat":"repeat","background-position":"center center","background-size":"auto","background-attachment":"scroll","background-type":"","background-media":"","overlay-type":"","overlay-color":"","overlay-opacity":"","overlay-gradient":""},"tablet":{"background-color":"var(--ast-global-color-5)","background-image":"","background-repeat":"repeat","background-position":"center center","background-size":"auto","background-attachment":"scroll","background-type":"","background-media":"","overlay-type":"","overlay-color":"","overlay-opacity":"","overlay-gradient":""},"mobile":{"background-color":"var(--ast-global-color-5)","background-image":"","background-repeat":"repeat","background-position":"center center","background-size":"auto","background-attachment":"scroll","background-type":"","background-media":"","overlay-type":"","overlay-color":"","overlay-opacity":"","overlay-gradient":""}},"footnotes":""},"categories":[189],"tags":[],"class_list":["post-47036","post","type-post","status-publish","format-standard","has-post-thumbnail","hentry","category-messe-2024"],"_links":{"self":[{"href":"https:\/\/www.landwirtschaftsmesse.com\/ostfriesland\/wp-json\/wp\/v2\/posts\/47036","targetHints":{"allow":["GET"]}}],"collection":[{"href":"https:\/\/www.landwirtschaftsmesse.com\/ostfriesland\/wp-json\/wp\/v2\/posts"}],"about":[{"href":"https:\/\/www.landwirtschaftsmesse.com\/ostfriesland\/wp-json\/wp\/v2\/types\/post"}],"author":[{"embeddable":true,"href":"https:\/\/www.landwirtschaftsmesse.com\/ostfriesland\/wp-json\/wp\/v2\/users\/1"}],"replies":[{"embeddable":true,"href":"https:\/\/www.landwirtschaftsmesse.com\/ostfriesland\/wp-json\/wp\/v2\/comments?post=47036"}],"version-history":[{"count":5,"href":"https:\/\/www.landwirtschaftsmesse.com\/ostfriesland\/wp-json\/wp\/v2\/posts\/47036\/revisions"}],"predecessor-version":[{"id":47058,"href":"https:\/\/www.landwirtschaftsmesse.com\/ostfriesland\/wp-json\/wp\/v2\/posts\/47036\/revisions\/47058"}],"wp:featuredmedia":[{"embeddable":true,"href":"https:\/\/www.landwirtschaftsmesse.com\/ostfriesland\/wp-json\/wp\/v2\/media\/46580"}],"wp:attachment":[{"href":"https:\/\/www.landwirtschaftsmesse.com\/ostfriesland\/wp-json\/wp\/v2\/media?parent=47036"}],"wp:term":[{"taxonomy":"category","embeddable":true,"href":"https:\/\/www.landwirtschaftsmesse.com\/ostfriesland\/wp-json\/wp\/v2\/categories?post=47036"},{"taxonomy":"post_tag","embeddable":true,"href":"https:\/\/www.landwirtschaftsmesse.com\/ostfriesland\/wp-json\/wp\/v2\/tags?post=47036"}],"curies":[{"name":"wp","href":"https:\/\/api.w.org\/{rel}","templated":true}]}}