{"id":47007,"date":"2025-01-14T11:04:53","date_gmt":"2025-01-14T10:04:53","guid":{"rendered":"https:\/\/www.landwirtschaftsmesse.com\/ostfriesland\/?p=47007"},"modified":"2025-01-15T09:18:04","modified_gmt":"2025-01-15T08:18:04","slug":"hedemann","status":"publish","type":"post","link":"https:\/\/www.landwirtschaftsmesse.com\/ostfriesland\/hedemann\/","title":{"rendered":"Hedemann"},"content":{"rendered":"\t\t<div data-elementor-type=\"wp-post\" data-elementor-id=\"47007\" class=\"elementor elementor-47007\" data-elementor-post-type=\"post\">\n\t\t\t\t\t\t<section class=\"elementor-section elementor-top-section elementor-element elementor-element-c9b0855 elementor-section-boxed elementor-section-height-default elementor-section-height-default\" data-id=\"c9b0855\" data-element_type=\"section\" data-e-type=\"section\">\n\t\t\t\t\t\t<div class=\"elementor-container elementor-column-gap-default\">\n\t\t\t\t\t<div class=\"elementor-column elementor-col-50 elementor-top-column elementor-element elementor-element-6750339\" data-id=\"6750339\" data-element_type=\"column\" data-e-type=\"column\">\n\t\t\t<div class=\"elementor-widget-wrap elementor-element-populated\">\n\t\t\t\t\t\t<div class=\"elementor-element elementor-element-ba753d7 elementor-widget elementor-widget-text-editor\" data-id=\"ba753d7\" data-element_type=\"widget\" data-e-type=\"widget\" data-widget_type=\"text-editor.default\">\n\t\t\t\t<div class=\"elementor-widget-container\">\n\t\t\t\t\t\t\t\t\t<p><strong>Hedemann Technik GmbH<\/strong><br \/>135 Jahre Erfahrung und Innovation.<br \/>Seit \u00fcber 135 Jahren steht die Hedemann Technik GmbH f\u00fcr Qualit\u00e4t und<br \/>Verl\u00e4sslichkeit in der Agrarwirtschaft. Mit tief verwurzelter Expertise und einem<br \/>starken Fokus auf technische Innovationen haben wir uns als f\u00fchrender Partner<br \/>in den Bereichen Getreidetechnik und Maschinenbau f\u00fcr die<br \/>Gem\u00fcseverarbeitung etabliert.<br \/>Unsere ma\u00dfgeschneiderten L\u00f6sungen bieten Entscheidern in der<br \/>Landwirtschaft eine solide Grundlage, um ihre Produktionsprozesse effizienter<br \/>und nachhaltiger zu gestalten. Ob F\u00f6rdertechnik, Silos, Reinigungs- und<br \/>Trocknungsanlagen f\u00fcr Getreide oder Verarbeitungsl\u00f6sungen f\u00fcr Kartoffeln,<br \/>Zwiebeln und M\u00f6hren \u2013 Hedemann steht f\u00fcr langlebige, robuste Technik, die<br \/>sich an den individuellen Bed\u00fcrfnissen der Betriebe orientiert.<br \/>Mit einer Kombination aus Tradition und modernster Technologie ist Hedemann<br \/>der ideale Partner in der Getreide- und Gem\u00fcsebranche. Unsere L\u00f6sungen<br \/>begleiten Sie von der Planung bis zur Inbetriebnahme und garantieren einen<br \/>reibungslosen Betrieb \u2013 heute und in Zukunft.<br \/>Kontakt:<br \/>Dirk Leenderts<br \/>dirk.leenderts@hedemann-technik.de<br \/>Weitere Informationen:<br \/>www.hedemann-technik.de<\/p>\t\t\t\t\t\t\t\t<\/div>\n\t\t\t\t<\/div>\n\t\t\t\t\t<\/div>\n\t\t<\/div>\n\t\t\t\t<div class=\"elementor-column elementor-col-50 elementor-top-column elementor-element elementor-element-b839950\" data-id=\"b839950\" data-element_type=\"column\" data-e-type=\"column\">\n\t\t\t<div class=\"elementor-widget-wrap elementor-element-populated\">\n\t\t\t\t\t\t<div class=\"elementor-element elementor-element-ea28928 elementor-widget elementor-widget-image\" data-id=\"ea28928\" data-element_type=\"widget\" data-e-type=\"widget\" data-widget_type=\"image.default\">\n\t\t\t\t<div class=\"elementor-widget-container\">\n\t\t\t\t\t\t\t\t\t\t\t\t\t\t\t<img fetchpriority=\"high\" decoding=\"async\" width=\"657\" height=\"327\" src=\"https:\/\/www.landwirtschaftsmesse.com\/ostfriesland\/wp-content\/uploads\/2025\/01\/Hedemann-Logo.pdf.png\" class=\"attachment-large size-large wp-image-47009\" alt=\"\" srcset=\"https:\/\/www.landwirtschaftsmesse.com\/ostfriesland\/wp-content\/uploads\/2025\/01\/Hedemann-Logo.pdf.png 657w, https:\/\/www.landwirtschaftsmesse.com\/ostfriesland\/wp-content\/uploads\/2025\/01\/Hedemann-Logo.pdf-300x149.png 300w\" sizes=\"(max-width: 657px) 100vw, 657px\" \/>\t\t\t\t\t\t\t\t\t\t\t\t\t\t\t<\/div>\n\t\t\t\t<\/div>\n\t\t\t\t\t<\/div>\n\t\t<\/div>\n\t\t\t\t\t<\/div>\n\t\t<\/section>\n\t\t\t\t<section class=\"elementor-section elementor-top-section elementor-element elementor-element-7a19307 elementor-section-boxed elementor-section-height-default elementor-section-height-default\" data-id=\"7a19307\" data-element_type=\"section\" data-e-type=\"section\">\n\t\t\t\t\t\t<div class=\"elementor-container elementor-column-gap-default\">\n\t\t\t\t\t<div class=\"elementor-column elementor-col-100 elementor-top-column elementor-element elementor-element-efbb85b\" data-id=\"efbb85b\" data-element_type=\"column\" data-e-type=\"column\">\n\t\t\t<div class=\"elementor-widget-wrap elementor-element-populated\">\n\t\t\t\t\t\t<div class=\"elementor-element elementor-element-7b2a55c gallery-spacing-custom elementor-widget elementor-widget-image-gallery\" data-id=\"7b2a55c\" data-element_type=\"widget\" data-e-type=\"widget\" data-widget_type=\"image-gallery.default\">\n\t\t\t\t<div class=\"elementor-widget-container\">\n\t\t\t\t\t\t\t<div class=\"elementor-image-gallery\">\n\t\t\t<div id='gallery-1' class='gallery galleryid-47007 gallery-columns-4 gallery-size-full'><figure class='gallery-item'>\n\t\t\t<div class='gallery-icon landscape'>\n\t\t\t\t<a data-elementor-open-lightbox=\"yes\" data-elementor-lightbox-slideshow=\"7b2a55c\" data-elementor-lightbox-title=\"Hedemann_Equilodge\" data-e-action-hash=\"#elementor-action%3Aaction%3Dlightbox%26settings%3DeyJpZCI6NDcwMTEsInVybCI6Imh0dHBzOlwvXC93d3cubGFuZHdpcnRzY2hhZnRzbWVzc2UuY29tXC9vc3Rmcmllc2xhbmRcL3dwLWNvbnRlbnRcL3VwbG9hZHNcLzIwMjVcLzAxXC9IZWRlbWFubl9FcXVpbG9kZ2UuanBnIiwic2xpZGVzaG93IjoiN2IyYTU1YyJ9\" href='https:\/\/www.landwirtschaftsmesse.com\/ostfriesland\/wp-content\/uploads\/2025\/01\/Hedemann_Equilodge.jpg'><img width=\"2000\" height=\"2000\" src=\"https:\/\/www.landwirtschaftsmesse.com\/ostfriesland\/wp-content\/uploads\/2025\/01\/Hedemann_Equilodge.jpg\" class=\"attachment-full size-full\" alt=\"\" decoding=\"async\" srcset=\"https:\/\/www.landwirtschaftsmesse.com\/ostfriesland\/wp-content\/uploads\/2025\/01\/Hedemann_Equilodge.jpg 2000w, https:\/\/www.landwirtschaftsmesse.com\/ostfriesland\/wp-content\/uploads\/2025\/01\/Hedemann_Equilodge-300x300.jpg 300w, https:\/\/www.landwirtschaftsmesse.com\/ostfriesland\/wp-content\/uploads\/2025\/01\/Hedemann_Equilodge-1024x1024.jpg 1024w, https:\/\/www.landwirtschaftsmesse.com\/ostfriesland\/wp-content\/uploads\/2025\/01\/Hedemann_Equilodge-150x150.jpg 150w, https:\/\/www.landwirtschaftsmesse.com\/ostfriesland\/wp-content\/uploads\/2025\/01\/Hedemann_Equilodge-768x768.jpg 768w, https:\/\/www.landwirtschaftsmesse.com\/ostfriesland\/wp-content\/uploads\/2025\/01\/Hedemann_Equilodge-1536x1536.jpg 1536w\" sizes=\"(max-width: 2000px) 100vw, 2000px\" \/><\/a>\n\t\t\t<\/div><\/figure><figure class='gallery-item'>\n\t\t\t<div class='gallery-icon landscape'>\n\t\t\t\t<a data-elementor-open-lightbox=\"yes\" data-elementor-lightbox-slideshow=\"7b2a55c\" data-elementor-lightbox-title=\"Hedemann_Silos\" data-e-action-hash=\"#elementor-action%3Aaction%3Dlightbox%26settings%3DeyJpZCI6NDcwMTIsInVybCI6Imh0dHBzOlwvXC93d3cubGFuZHdpcnRzY2hhZnRzbWVzc2UuY29tXC9vc3Rmcmllc2xhbmRcL3dwLWNvbnRlbnRcL3VwbG9hZHNcLzIwMjVcLzAxXC9IZWRlbWFubl9TaWxvcy5qcGciLCJzbGlkZXNob3ciOiI3YjJhNTVjIn0%3D\" href='https:\/\/www.landwirtschaftsmesse.com\/ostfriesland\/wp-content\/uploads\/2025\/01\/Hedemann_Silos.jpg'><img width=\"2000\" height=\"1342\" src=\"https:\/\/www.landwirtschaftsmesse.com\/ostfriesland\/wp-content\/uploads\/2025\/01\/Hedemann_Silos.jpg\" class=\"attachment-full size-full\" alt=\"\" decoding=\"async\" srcset=\"https:\/\/www.landwirtschaftsmesse.com\/ostfriesland\/wp-content\/uploads\/2025\/01\/Hedemann_Silos.jpg 2000w, https:\/\/www.landwirtschaftsmesse.com\/ostfriesland\/wp-content\/uploads\/2025\/01\/Hedemann_Silos-300x201.jpg 300w, https:\/\/www.landwirtschaftsmesse.com\/ostfriesland\/wp-content\/uploads\/2025\/01\/Hedemann_Silos-1024x687.jpg 1024w, https:\/\/www.landwirtschaftsmesse.com\/ostfriesland\/wp-content\/uploads\/2025\/01\/Hedemann_Silos-768x515.jpg 768w, https:\/\/www.landwirtschaftsmesse.com\/ostfriesland\/wp-content\/uploads\/2025\/01\/Hedemann_Silos-1536x1031.jpg 1536w\" sizes=\"(max-width: 2000px) 100vw, 2000px\" \/><\/a>\n\t\t\t<\/div><\/figure>\n\t\t<\/div>\n\t\t<\/div>\n\t\t\t\t\t\t<\/div>\n\t\t\t\t<\/div>\n\t\t\t\t\t<\/div>\n\t\t<\/div>\n\t\t\t\t\t<\/div>\n\t\t<\/section>\n\t\t\t\t<\/div>\n\t\t","protected":false},"excerpt":{"rendered":"<p>Hedemann Technik GmbH 135 Jahre Erfahrung und Innovation. Seit \u00fcber 135 Jahren steht die Hedemann Technik GmbH f\u00fcr Qualit\u00e4t und Verl\u00e4sslichkeit in der Agrarwirtschaft. Mit tief verwurzelter Expertise und einem starken Fokus auf technische Innovationen haben wir uns als f\u00fchrender Partner in den Bereichen Getreidetechnik und Maschinenbau f\u00fcr die Gem\u00fcseverarbeitung etabliert. Unsere ma\u00dfgeschneiderten L\u00f6sungen bieten [&hellip;]<\/p>\n","protected":false},"author":1,"featured_media":47103,"comment_status":"open","ping_status":"closed","sticky":false,"template":"","format":"standard","meta":{"site-sidebar-layout":"default","site-content-layout":"","ast-site-content-layout":"default","site-content-style":"default","site-sidebar-style":"default","ast-global-header-display":"","ast-banner-title-visibility":"","ast-main-header-display":"","ast-hfb-above-header-display":"","ast-hfb-below-header-display":"","ast-hfb-mobile-header-display":"","site-post-title":"","ast-breadcrumbs-content":"","ast-featured-img":"","footer-sml-layout":"","ast-disable-related-posts":"","theme-transparent-header-meta":"default","adv-header-id-meta":"","stick-header-meta":"","header-above-stick-meta":"","header-main-stick-meta":"","header-below-stick-meta":"","astra-migrate-meta-layouts":"set","ast-page-background-enabled":"default","ast-page-background-meta":{"desktop":{"background-color":"","background-image":"","background-repeat":"repeat","background-position":"center center","background-size":"auto","background-attachment":"scroll","background-type":"","background-media":"","overlay-type":"","overlay-color":"","overlay-opacity":"","overlay-gradient":""},"tablet":{"background-color":"","background-image":"","background-repeat":"repeat","background-position":"center center","background-size":"auto","background-attachment":"scroll","background-type":"","background-media":"","overlay-type":"","overlay-color":"","overlay-opacity":"","overlay-gradient":""},"mobile":{"background-color":"","background-image":"","background-repeat":"repeat","background-position":"center center","background-size":"auto","background-attachment":"scroll","background-type":"","background-media":"","overlay-type":"","overlay-color":"","overlay-opacity":"","overlay-gradient":""}},"ast-content-background-meta":{"desktop":{"background-color":"var(--ast-global-color-5)","background-image":"","background-repeat":"repeat","background-position":"center center","background-size":"auto","background-attachment":"scroll","background-type":"","background-media":"","overlay-type":"","overlay-color":"","overlay-opacity":"","overlay-gradient":""},"tablet":{"background-color":"var(--ast-global-color-5)","background-image":"","background-repeat":"repeat","background-position":"center center","background-size":"auto","background-attachment":"scroll","background-type":"","background-media":"","overlay-type":"","overlay-color":"","overlay-opacity":"","overlay-gradient":""},"mobile":{"background-color":"var(--ast-global-color-5)","background-image":"","background-repeat":"repeat","background-position":"center center","background-size":"auto","background-attachment":"scroll","background-type":"","background-media":"","overlay-type":"","overlay-color":"","overlay-opacity":"","overlay-gradient":""}},"footnotes":""},"categories":[189],"tags":[],"class_list":["post-47007","post","type-post","status-publish","format-standard","has-post-thumbnail","hentry","category-messe-2024"],"_links":{"self":[{"href":"https:\/\/www.landwirtschaftsmesse.com\/ostfriesland\/wp-json\/wp\/v2\/posts\/47007","targetHints":{"allow":["GET"]}}],"collection":[{"href":"https:\/\/www.landwirtschaftsmesse.com\/ostfriesland\/wp-json\/wp\/v2\/posts"}],"about":[{"href":"https:\/\/www.landwirtschaftsmesse.com\/ostfriesland\/wp-json\/wp\/v2\/types\/post"}],"author":[{"embeddable":true,"href":"https:\/\/www.landwirtschaftsmesse.com\/ostfriesland\/wp-json\/wp\/v2\/users\/1"}],"replies":[{"embeddable":true,"href":"https:\/\/www.landwirtschaftsmesse.com\/ostfriesland\/wp-json\/wp\/v2\/comments?post=47007"}],"version-history":[{"count":5,"href":"https:\/\/www.landwirtschaftsmesse.com\/ostfriesland\/wp-json\/wp\/v2\/posts\/47007\/revisions"}],"predecessor-version":[{"id":47059,"href":"https:\/\/www.landwirtschaftsmesse.com\/ostfriesland\/wp-json\/wp\/v2\/posts\/47007\/revisions\/47059"}],"wp:featuredmedia":[{"embeddable":true,"href":"https:\/\/www.landwirtschaftsmesse.com\/ostfriesland\/wp-json\/wp\/v2\/media\/47103"}],"wp:attachment":[{"href":"https:\/\/www.landwirtschaftsmesse.com\/ostfriesland\/wp-json\/wp\/v2\/media?parent=47007"}],"wp:term":[{"taxonomy":"category","embeddable":true,"href":"https:\/\/www.landwirtschaftsmesse.com\/ostfriesland\/wp-json\/wp\/v2\/categories?post=47007"},{"taxonomy":"post_tag","embeddable":true,"href":"https:\/\/www.landwirtschaftsmesse.com\/ostfriesland\/wp-json\/wp\/v2\/tags?post=47007"}],"curies":[{"name":"wp","href":"https:\/\/api.w.org\/{rel}","templated":true}]}}