{"id":46590,"date":"2023-12-22T09:02:58","date_gmt":"2023-12-22T08:02:58","guid":{"rendered":"https:\/\/www.landwirtschaftsmesse.com\/ostfriesland\/?p=46590"},"modified":"2024-01-15T08:27:17","modified_gmt":"2024-01-15T07:27:17","slug":"meyer-melktechnik","status":"publish","type":"post","link":"https:\/\/www.landwirtschaftsmesse.com\/ostfriesland\/meyer-melktechnik\/","title":{"rendered":"Meyer Melktechnik"},"content":{"rendered":"\t\t<div data-elementor-type=\"wp-post\" data-elementor-id=\"46590\" class=\"elementor elementor-46590\" data-elementor-post-type=\"post\">\n\t\t\t\t\t\t<section class=\"elementor-section elementor-top-section elementor-element elementor-element-4b26da9 elementor-section-boxed elementor-section-height-default elementor-section-height-default\" data-id=\"4b26da9\" data-element_type=\"section\" data-e-type=\"section\">\n\t\t\t\t\t\t<div class=\"elementor-container elementor-column-gap-default\">\n\t\t\t\t\t<div class=\"elementor-column elementor-col-100 elementor-top-column elementor-element elementor-element-986a0a5\" data-id=\"986a0a5\" data-element_type=\"column\" data-e-type=\"column\">\n\t\t\t<div class=\"elementor-widget-wrap elementor-element-populated\">\n\t\t\t\t\t\t<div class=\"elementor-element elementor-element-a35eb69 elementor-widget elementor-widget-text-editor\" data-id=\"a35eb69\" data-element_type=\"widget\" data-e-type=\"widget\" data-widget_type=\"text-editor.default\">\n\t\t\t\t<div class=\"elementor-widget-container\">\n\t\t\t\t\t\t\t\t\t<p>Gegr\u00fcndet wurde die Meyer Melktechnik GmbH im April 2010 von Thorsten Meyer. Herr Meyer ist als Gesch\u00e4ftsf\u00fchrer des Unternehmens Ihr zuverl\u00e4ssiger Ansprechpartner, wenn es um Melk-, K\u00fchl- und F\u00fctterungstechnik in der Milchproduktion sowie Herdenmanagement geht.<br \/><br \/>\u00a0Zu den Meyer-Melktechnik Top-Leistungen z\u00e4hlen:<br \/><br \/>&#8211; 24 Stunden Bereitschaftsdienst f\u00fcr VMS Melkanlagen<br \/>&#8211; zuverl\u00e4ssige Planung und Durchf\u00fchrung von Neu-Projekten<br \/>&#8211; der reibungslose Ablauf bei Montagen<br \/>&#8211; schnellstm\u00f6gliche Reparatur an Fremdanlagen<br \/>&#8211; schneller und kompetenter Service mit neuester Mess- und Pr\u00fcftechnik<br \/>&#8211; jeden Tag, rund um die Uhr, engagierte und gut ausgebildete Mitarbeiter<\/p>\t\t\t\t\t\t\t\t<\/div>\n\t\t\t\t<\/div>\n\t\t\t\t\t<\/div>\n\t\t<\/div>\n\t\t\t\t\t<\/div>\n\t\t<\/section>\n\t\t\t\t<\/div>\n\t\t","protected":false},"excerpt":{"rendered":"<p>Gegr\u00fcndet wurde die Meyer Melktechnik GmbH im April 2010 von Thorsten Meyer. Herr Meyer ist als Gesch\u00e4ftsf\u00fchrer des Unternehmens Ihr zuverl\u00e4ssiger Ansprechpartner, wenn es um Melk-, K\u00fchl- und F\u00fctterungstechnik in der Milchproduktion sowie Herdenmanagement geht. Zu den Meyer-Melktechnik Top-Leistungen z\u00e4hlen: &#8211; 24 Stunden Bereitschaftsdienst f\u00fcr VMS Melkanlagen &#8211; zuverl\u00e4ssige Planung und Durchf\u00fchrung von Neu-Projekten &#8211; [&hellip;]<\/p>\n","protected":false},"author":1,"featured_media":46579,"comment_status":"open","ping_status":"closed","sticky":false,"template":"","format":"standard","meta":{"site-sidebar-layout":"default","site-content-layout":"","ast-site-content-layout":"default","site-content-style":"default","site-sidebar-style":"default","ast-global-header-display":"","ast-banner-title-visibility":"","ast-main-header-display":"","ast-hfb-above-header-display":"","ast-hfb-below-header-display":"","ast-hfb-mobile-header-display":"","site-post-title":"","ast-breadcrumbs-content":"","ast-featured-img":"","footer-sml-layout":"","ast-disable-related-posts":"","theme-transparent-header-meta":"default","adv-header-id-meta":"","stick-header-meta":"","header-above-stick-meta":"","header-main-stick-meta":"","header-below-stick-meta":"","astra-migrate-meta-layouts":"set","ast-page-background-enabled":"default","ast-page-background-meta":{"desktop":{"background-color":"","background-image":"","background-repeat":"repeat","background-position":"center center","background-size":"auto","background-attachment":"scroll","background-type":"","background-media":"","overlay-type":"","overlay-color":"","overlay-opacity":"","overlay-gradient":""},"tablet":{"background-color":"","background-image":"","background-repeat":"repeat","background-position":"center center","background-size":"auto","background-attachment":"scroll","background-type":"","background-media":"","overlay-type":"","overlay-color":"","overlay-opacity":"","overlay-gradient":""},"mobile":{"background-color":"","background-image":"","background-repeat":"repeat","background-position":"center center","background-size":"auto","background-attachment":"scroll","background-type":"","background-media":"","overlay-type":"","overlay-color":"","overlay-opacity":"","overlay-gradient":""}},"ast-content-background-meta":{"desktop":{"background-color":"var(--ast-global-color-5)","background-image":"","background-repeat":"repeat","background-position":"center center","background-size":"auto","background-attachment":"scroll","background-type":"","background-media":"","overlay-type":"","overlay-color":"","overlay-opacity":"","overlay-gradient":""},"tablet":{"background-color":"var(--ast-global-color-5)","background-image":"","background-repeat":"repeat","background-position":"center center","background-size":"auto","background-attachment":"scroll","background-type":"","background-media":"","overlay-type":"","overlay-color":"","overlay-opacity":"","overlay-gradient":""},"mobile":{"background-color":"var(--ast-global-color-5)","background-image":"","background-repeat":"repeat","background-position":"center center","background-size":"auto","background-attachment":"scroll","background-type":"","background-media":"","overlay-type":"","overlay-color":"","overlay-opacity":"","overlay-gradient":""}},"footnotes":""},"categories":[189],"tags":[],"class_list":["post-46590","post","type-post","status-publish","format-standard","has-post-thumbnail","hentry","category-messe-2024"],"_links":{"self":[{"href":"https:\/\/www.landwirtschaftsmesse.com\/ostfriesland\/wp-json\/wp\/v2\/posts\/46590","targetHints":{"allow":["GET"]}}],"collection":[{"href":"https:\/\/www.landwirtschaftsmesse.com\/ostfriesland\/wp-json\/wp\/v2\/posts"}],"about":[{"href":"https:\/\/www.landwirtschaftsmesse.com\/ostfriesland\/wp-json\/wp\/v2\/types\/post"}],"author":[{"embeddable":true,"href":"https:\/\/www.landwirtschaftsmesse.com\/ostfriesland\/wp-json\/wp\/v2\/users\/1"}],"replies":[{"embeddable":true,"href":"https:\/\/www.landwirtschaftsmesse.com\/ostfriesland\/wp-json\/wp\/v2\/comments?post=46590"}],"version-history":[{"count":4,"href":"https:\/\/www.landwirtschaftsmesse.com\/ostfriesland\/wp-json\/wp\/v2\/posts\/46590\/revisions"}],"predecessor-version":[{"id":46594,"href":"https:\/\/www.landwirtschaftsmesse.com\/ostfriesland\/wp-json\/wp\/v2\/posts\/46590\/revisions\/46594"}],"wp:featuredmedia":[{"embeddable":true,"href":"https:\/\/www.landwirtschaftsmesse.com\/ostfriesland\/wp-json\/wp\/v2\/media\/46579"}],"wp:attachment":[{"href":"https:\/\/www.landwirtschaftsmesse.com\/ostfriesland\/wp-json\/wp\/v2\/media?parent=46590"}],"wp:term":[{"taxonomy":"category","embeddable":true,"href":"https:\/\/www.landwirtschaftsmesse.com\/ostfriesland\/wp-json\/wp\/v2\/categories?post=46590"},{"taxonomy":"post_tag","embeddable":true,"href":"https:\/\/www.landwirtschaftsmesse.com\/ostfriesland\/wp-json\/wp\/v2\/tags?post=46590"}],"curies":[{"name":"wp","href":"https:\/\/api.w.org\/{rel}","templated":true}]}}