{"id":41569,"date":"2025-12-18T08:41:06","date_gmt":"2025-12-18T07:41:06","guid":{"rendered":"https:\/\/www.landwirtschaftsmesse.com\/ostfriesland\/?p=41569"},"modified":"2025-12-18T08:51:21","modified_gmt":"2025-12-18T07:51:21","slug":"ruecker","status":"publish","type":"post","link":"https:\/\/www.landwirtschaftsmesse.com\/ostfriesland\/ruecker\/","title":{"rendered":"R\u00fccker"},"content":{"rendered":"\t\t<div data-elementor-type=\"wp-post\" data-elementor-id=\"41569\" class=\"elementor elementor-41569\" data-elementor-post-type=\"post\">\n\t\t\t\t<div class=\"elementor-element elementor-element-eb3ce43 e-flex e-con-boxed e-con e-parent\" data-id=\"eb3ce43\" data-element_type=\"container\" data-e-type=\"container\">\n\t\t\t\t\t<div class=\"e-con-inner\">\n\t\t<div class=\"elementor-element elementor-element-9933906 e-con-full e-flex e-con e-child\" data-id=\"9933906\" data-element_type=\"container\" data-e-type=\"container\">\n\t\t\t\t<div class=\"elementor-element elementor-element-b255b41 elementor-widget elementor-widget-text-editor\" data-id=\"b255b41\" data-element_type=\"widget\" data-e-type=\"widget\" data-widget_type=\"text-editor.default\">\n\t\t\t\t<div class=\"elementor-widget-container\">\n\t\t\t\t\t\t\t\t\t<p>Wir hei\u00dfen Sie auf der Landwirtschaftsmesse Ostfriesland in Aurich-Tannenhausen willkommen!<br \/>Unser Team steht f\u00fcr gute Gespr\u00e4che an unserem Stand bereit.<\/p><p>Ihre Kinder suchen noch eine Ausbildung mit Zukunft? Die Molkerei R\u00fccker z\u00e4hlt zu den gr\u00f6\u00dften privatgef\u00fchrten K\u00e4sereien Deutschlands \u2013 und in Aurich zu einem der gr\u00f6\u00dften Arbeitgebern. Bei uns k\u00f6nnen Sie elf verschiedene Berufe erlernen und eine Vielzahl dualer Studieng\u00e4nge belegen! Neugierig geworden? Dann sprechen Sie uns direkt auf der Messe an! Sie finden uns auch online:<\/p><p>Website: www.molkerei-ruecker.de<br \/>Facebook:\u00a0<a href=\"https:\/\/www.facebook.com\/RueckerGmbH\/\" target=\"_blank\" rel=\"noopener\">https:\/\/www.facebook.com\/RueckerGmbH\/<\/a><br \/>Instagram:\u00a0<a href=\"https:\/\/www.instagram.com\/ruecker_official\" target=\"_blank\" rel=\"noopener\">https:\/\/www.instagram.com\/ruecker_official<\/a><br \/>LinkedIn:\u00a0<a style=\"font-size: 15px; background-color: #ffffff;\" href=\"https:\/\/www.linkedin.com\/company\/familienmolkerei-ruecker\/\" target=\"_blank\" rel=\"noopener\">https:\/\/www.linkedin.com\/company\/familienmolkerei-ruecker\/<\/a><\/p>\t\t\t\t\t\t\t\t<\/div>\n\t\t\t\t<\/div>\n\t\t\t\t<\/div>\n\t\t<div class=\"elementor-element elementor-element-53a0f02 e-con-full e-flex e-con e-child\" data-id=\"53a0f02\" data-element_type=\"container\" data-e-type=\"container\">\n\t\t\t\t<div class=\"elementor-element elementor-element-6fa24f5 elementor-widget elementor-widget-image\" data-id=\"6fa24f5\" data-element_type=\"widget\" data-e-type=\"widget\" data-widget_type=\"image.default\">\n\t\t\t\t<div class=\"elementor-widget-container\">\n\t\t\t\t\t\t\t\t\t\t\t\t\t\t\t<img fetchpriority=\"high\" decoding=\"async\" width=\"1024\" height=\"683\" src=\"https:\/\/www.landwirtschaftsmesse.com\/ostfriesland\/wp-content\/uploads\/2025\/12\/Kaese-ausstechen-1024x683.jpg\" class=\"attachment-large size-large wp-image-47681\" alt=\"\" srcset=\"https:\/\/www.landwirtschaftsmesse.com\/ostfriesland\/wp-content\/uploads\/2025\/12\/Kaese-ausstechen-1024x683.jpg 1024w, https:\/\/www.landwirtschaftsmesse.com\/ostfriesland\/wp-content\/uploads\/2025\/12\/Kaese-ausstechen-300x200.jpg 300w, https:\/\/www.landwirtschaftsmesse.com\/ostfriesland\/wp-content\/uploads\/2025\/12\/Kaese-ausstechen-768x512.jpg 768w, https:\/\/www.landwirtschaftsmesse.com\/ostfriesland\/wp-content\/uploads\/2025\/12\/Kaese-ausstechen.jpg 1140w\" sizes=\"(max-width: 1024px) 100vw, 1024px\" \/>\t\t\t\t\t\t\t\t\t\t\t\t\t\t\t<\/div>\n\t\t\t\t<\/div>\n\t\t\t\t<\/div>\n\t\t\t\t\t<\/div>\n\t\t\t\t<\/div>\n\t\t\t\t<\/div>\n\t\t","protected":false},"excerpt":{"rendered":"<p>Wir hei\u00dfen Sie auf der Landwirtschaftsmesse Ostfriesland in Aurich-Tannenhausen willkommen!Unser Team steht f\u00fcr gute Gespr\u00e4che an unserem Stand bereit. Ihre Kinder suchen noch eine Ausbildung mit Zukunft? Die Molkerei R\u00fccker z\u00e4hlt zu den gr\u00f6\u00dften privatgef\u00fchrten K\u00e4sereien Deutschlands \u2013 und in Aurich zu einem der gr\u00f6\u00dften Arbeitgebern. Bei uns k\u00f6nnen Sie elf verschiedene Berufe erlernen und [&hellip;]<\/p>\n","protected":false},"author":1,"featured_media":47675,"comment_status":"open","ping_status":"closed","sticky":false,"template":"","format":"standard","meta":{"site-sidebar-layout":"default","site-content-layout":"default","ast-site-content-layout":"default","site-content-style":"default","site-sidebar-style":"default","ast-global-header-display":"","ast-banner-title-visibility":"","ast-main-header-display":"","ast-hfb-above-header-display":"","ast-hfb-below-header-display":"","ast-hfb-mobile-header-display":"","site-post-title":"","ast-breadcrumbs-content":"","ast-featured-img":"","footer-sml-layout":"","ast-disable-related-posts":"","theme-transparent-header-meta":"default","adv-header-id-meta":"","stick-header-meta":"","header-above-stick-meta":"","header-main-stick-meta":"","header-below-stick-meta":"","astra-migrate-meta-layouts":"set","ast-page-background-enabled":"default","ast-page-background-meta":{"desktop":{"background-color":"","background-image":"","background-repeat":"repeat","background-position":"center center","background-size":"auto","background-attachment":"scroll","background-type":"","background-media":"","overlay-type":"","overlay-color":"","overlay-opacity":"","overlay-gradient":""},"tablet":{"background-color":"","background-image":"","background-repeat":"repeat","background-position":"center center","background-size":"auto","background-attachment":"scroll","background-type":"","background-media":"","overlay-type":"","overlay-color":"","overlay-opacity":"","overlay-gradient":""},"mobile":{"background-color":"","background-image":"","background-repeat":"repeat","background-position":"center center","background-size":"auto","background-attachment":"scroll","background-type":"","background-media":"","overlay-type":"","overlay-color":"","overlay-opacity":"","overlay-gradient":""}},"ast-content-background-meta":{"desktop":{"background-color":"var(--ast-global-color-5)","background-image":"","background-repeat":"repeat","background-position":"center center","background-size":"auto","background-attachment":"scroll","background-type":"","background-media":"","overlay-type":"","overlay-color":"","overlay-opacity":"","overlay-gradient":""},"tablet":{"background-color":"var(--ast-global-color-5)","background-image":"","background-repeat":"repeat","background-position":"center center","background-size":"auto","background-attachment":"scroll","background-type":"","background-media":"","overlay-type":"","overlay-color":"","overlay-opacity":"","overlay-gradient":""},"mobile":{"background-color":"var(--ast-global-color-5)","background-image":"","background-repeat":"repeat","background-position":"center center","background-size":"auto","background-attachment":"scroll","background-type":"","background-media":"","overlay-type":"","overlay-color":"","overlay-opacity":"","overlay-gradient":""}},"footnotes":""},"categories":[1],"tags":[],"class_list":["post-41569","post","type-post","status-publish","format-standard","has-post-thumbnail","hentry","category-uncategorized"],"_links":{"self":[{"href":"https:\/\/www.landwirtschaftsmesse.com\/ostfriesland\/wp-json\/wp\/v2\/posts\/41569","targetHints":{"allow":["GET"]}}],"collection":[{"href":"https:\/\/www.landwirtschaftsmesse.com\/ostfriesland\/wp-json\/wp\/v2\/posts"}],"about":[{"href":"https:\/\/www.landwirtschaftsmesse.com\/ostfriesland\/wp-json\/wp\/v2\/types\/post"}],"author":[{"embeddable":true,"href":"https:\/\/www.landwirtschaftsmesse.com\/ostfriesland\/wp-json\/wp\/v2\/users\/1"}],"replies":[{"embeddable":true,"href":"https:\/\/www.landwirtschaftsmesse.com\/ostfriesland\/wp-json\/wp\/v2\/comments?post=41569"}],"version-history":[{"count":4,"href":"https:\/\/www.landwirtschaftsmesse.com\/ostfriesland\/wp-json\/wp\/v2\/posts\/41569\/revisions"}],"predecessor-version":[{"id":47684,"href":"https:\/\/www.landwirtschaftsmesse.com\/ostfriesland\/wp-json\/wp\/v2\/posts\/41569\/revisions\/47684"}],"wp:featuredmedia":[{"embeddable":true,"href":"https:\/\/www.landwirtschaftsmesse.com\/ostfriesland\/wp-json\/wp\/v2\/media\/47675"}],"wp:attachment":[{"href":"https:\/\/www.landwirtschaftsmesse.com\/ostfriesland\/wp-json\/wp\/v2\/media?parent=41569"}],"wp:term":[{"taxonomy":"category","embeddable":true,"href":"https:\/\/www.landwirtschaftsmesse.com\/ostfriesland\/wp-json\/wp\/v2\/categories?post=41569"},{"taxonomy":"post_tag","embeddable":true,"href":"https:\/\/www.landwirtschaftsmesse.com\/ostfriesland\/wp-json\/wp\/v2\/tags?post=41569"}],"curies":[{"name":"wp","href":"https:\/\/api.w.org\/{rel}","templated":true}]}}